{"id":173110,"date":"2020-06-05T14:32:44","date_gmt":"2020-06-05T17:32:44","guid":{"rendered":"https:\/\/www.caririemacao.com\/1\/?p=173110"},"modified":"2020-06-05T14:32:44","modified_gmt":"2020-06-05T17:32:44","slug":"bolsonaro-ataca-opositores-geralmente-sao-marginais-maconheiros-desocupados","status":"publish","type":"post","link":"https:\/\/www.caririemacao.com\/1\/2020\/06\/05\/bolsonaro-ataca-opositores-geralmente-sao-marginais-maconheiros-desocupados\/","title":{"rendered":"Bolsonaro ataca opositores: \u201cGeralmente s\u00e3o marginais, maconheiros, desocupados\u201d"},"content":{"rendered":"\n<h1 class=\"wp-block-heading\"><\/h1>\n\n\n\n<p>Sem m\u00e1scara, na inaugura\u00e7\u00e3o de um hospital de campanha para v\u00edtimas do novo coronav\u00edrus na cidade de \u00c1guas Lindas de Goi\u00e1s, a 57 km de Bras\u00edlia, o presidente cobrou que a Pol\u00edcia Militar fa\u00e7a \u201cseu devido trabalho\u201d e sugeriu o uso da For\u00e7a Nacional em manifesta\u00e7\u00f5es contra o governo que se denominam antifascistas. Bolsonaro pediu que seus apoiadores n\u00e3o saiam \u00e0s ruas.<\/p>\n\n\n\n<p>Segundo integrantes do Minist\u00e9rio da Justi\u00e7a, a For\u00e7a Nacional de Seguran\u00e7a ainda n\u00e3o foi convocada, o que deve acontecer ap\u00f3s uma reuni\u00e3o com o Governo do Distrito Federal, respons\u00e1vel pela seguran\u00e7a da Esplanada dos Minist\u00e9rios, nesta sexta-feira (5).<\/p>\n\n\n\n<p>Oficialmente, a For\u00e7a Nacional deve ser acionada para fazer a prote\u00e7\u00e3o do patrim\u00f4nio p\u00fablico.<\/p>\n\n\n\n<p>\u201cO outro lado, que luta por democracia, que quer o governo funcionando, quer um Brasil melhor e preza por sua liberdade, que n\u00e3o compare\u00e7am \u00e0s ruas nestes dias para que as for\u00e7as de seguran\u00e7a, n\u00e3o s\u00f3 estaduais, bem como a nossa, federal, fa\u00e7am seu devido trabalho porventura estes marginais extrapolem os limites da lei\u201d, disse Bolsonaro.<\/p>\n\n\n\n<p>Bolsonaro afirmou que os manifestantes que se op\u00f5em a seu governo \u201cgeralmente s\u00e3o marginais, maconheiros, desocupados que n\u00e3o sabem o que \u00e9 economia, o que \u00e9 trabalhar para ganhar seu p\u00e3o de cada dia\u201d. \u201cQuerem quebrar o Brasil em nome de uma democracia que nunca souberam o que \u00e9 e nunca zelaram por ela\u201d, disse Bolsonaro.<\/p>\n\n\n\n<p>Apesar de afirmar que n\u00e3o h\u00e1 previs\u00e3o de atos em Goi\u00e1s neste fim de semana, Bolsonaro disse ter certeza que, caso apare\u00e7am no estado, o governador Ronaldo Caiado (DEM) ir\u00e1 trat\u00e1-los \u201ccom a dureza da lei que eles merecem\u201d.<\/p>\n\n\n\n<p>Bolsonaro tem trabalhado com aliados numa estrat\u00e9gia para tentar diferenciar esses atos das manifesta\u00e7\u00f5es semanais de seus apoiadores. Com isso, o presidente tentar\u00e1 insistir na tese de que os que o apoiam t\u00eam como h\u00e1bito organizar movimentos pac\u00edficos, enquanto a oposi\u00e7\u00e3o adota m\u00e9todos violentos.<\/p>\n\n\n\n<p>Na ter\u00e7a-feira (2), o presidente classificou atos contra seu governo de \u201cmarginais e terroristas\u201d.<\/p>\n\n\n\n<p>Seus auxiliares aguardam com expectativa as manifesta\u00e7\u00f5es de domingo para aferir o tamanho da oposi\u00e7\u00e3o nas ruas. Na segunda-feira (1\u00ba), o presidente j\u00e1 havia dito a seus apoiadores que n\u00e3o deveriam sair de casa no final de semana.<\/p>\n\n\n\n<p>Bolsonaro afirmou nesta quinta-feira (4) que \u201cliberdade de express\u00e3o tem que valer para todo mundo\u201d. A declara\u00e7\u00e3o ocorreu em resposta a um apoiador que, em frente ao Pal\u00e1cio da Alvorada, disse que o mandat\u00e1rio deveria processar cr\u00edticos que se referem a ele como \u201cgenocida\u201d.<\/p>\n\n\n\n<p>Na noite do mesmo dia, em live, o chefe do Executivo chamou aqueles que se manifestam contra seu governo de idiotas, marginais e viciados.<\/p>\n\n\n\n<p>Em meio a esse acirramento, alguns integrantes do Pal\u00e1cio do Planalto fazem um esfor\u00e7o para arrefecer a temperatura da crise institucional. Contudo, auxiliares presidenciais veem com retic\u00eancia a possibilidade de o presidente realmente se comprometer a baixar o tom, dado seu hist\u00f3rico intempestivo.<\/p>\n\n\n\n<p>H\u00e1 leituras diferentes sobre a orienta\u00e7\u00e3o dada por Bolsonaro para que seus apoiadores n\u00e3o apare\u00e7am na Esplanada dos Minist\u00e9rios, por exemplo.<\/p>\n\n\n\n<p>H\u00e1 quem defenda que, de fato, ele queira evitar confrontos. Por\u00e9m tamb\u00e9m h\u00e1 quem diga que o presidente apenas procurou uma vacina para o caso de haver mais manifestantes contr\u00e1rios a ele do que a favor. Al\u00e9m disso, outros argumentam que, caso o ato seja marcado por viol\u00eancia, Bolsonaro poder\u00e1 apontar o dedo para seus opositores.<\/p>\n\n\n\n<p>Partidos de oposi\u00e7\u00e3o, como a Rede e o PSB, divulgaram notas sobre os atos marcados para domingo no pa\u00eds, que devem ocorrem em meio ao agravamento da crise do novo coronav\u00edrus, que j\u00e1 deixou mais de 34 mil mortos no Brasil. Ambos desencorajam seus filiados a participar das manifesta\u00e7\u00f5es.<img decoding=\"async\" data-src=\"https:\/\/paraibaonline.com.br\/wp-content\/uploads\/2020\/06\/bolsonaro0506a.jpg\" alt=\"Foto: Alan Santos\/PR\" data-srcset=\"https:\/\/paraibaonline.com.br\/wp-content\/uploads\/2020\/06\/bolsonaro0506a.jpg 1024w, https:\/\/paraibaonline.com.br\/wp-content\/uploads\/2020\/06\/bolsonaro0506a-567x366.jpg 567w, https:\/\/paraibaonline.com.br\/wp-content\/uploads\/2020\/06\/bolsonaro0506a-900x581.jpg 900w\" src=\"data:image\/svg+xml;base64,PHN2ZyB3aWR0aD0iMSIgaGVpZ2h0PSIxIiB4bWxucz0iaHR0cDovL3d3dy53My5vcmcvMjAwMC9zdmciPjwvc3ZnPg==\" class=\"lazyload\"><\/p>\n\n\n\n<p>Foto: Alan Santos\/PR<\/p>\n\n\n\n<p>ESCORREG\u00c3O<br>Bolsonaro chegou a \u00c1guas Lindas de Goi\u00e1s de helic\u00f3ptero. Ao cumprimentar bombeiros pr\u00f3ximo ao local onde pousou, escorregou no barro e levou um tombo.<\/p>\n\n\n\n<p>Numa cerim\u00f4nia r\u00e1pida, fechada \u00e0 imprensa mas transmitida pela TV oficial do governo, Caiado e Bolsonaro, que haviam rompido no in\u00edcio da pandemia, trocaram afagos em seus discursos.<\/p>\n\n\n\n<p>O governador de Goi\u00e1s fez uma apresenta\u00e7\u00e3o com feitos da gest\u00e3o Bolsonaro no estado. \u201cO governo federal impulsiona o crescimento de Goi\u00e1s\u201d, dizia um dos slides do governador, que comemorou as oito visitas oficiais que o presidente fez ao estado.<\/p>\n\n\n\n<p>\u201cEm 2019 e 2020, o governo federal concentrou um esfor\u00e7o enorme para dar algo a Goi\u00e1s que Goi\u00e1s n\u00e3o tinha\u201d, disse Caiado.<\/p>\n\n\n\n<p>\u201cO governo federal impulsiona o crescimento de Goi\u00e1s. Investimentos foram realizados em todas as \u00e1reas, como sa\u00fade, infraestrutura, assist\u00eancia social e educa\u00e7\u00e3o. Recordes, conquistas, supera\u00e7\u00e3o de defici\u00eancias\u201d, dizia o in\u00edcio da apresenta\u00e7\u00e3o de 17 p\u00e1ginas exibida por Caiado.<\/p>\n\n\n\n<p>Bolsonaro retribuiu os afagos do aliado rec\u00e9m-reconquistado. \u201cDepois de ouvir o Caiado, me animei. Confesso que n\u00e3o queria falar. Mas com suas palavras am\u00e1veis, verdadeiras, me tocou. Me permite falar um pouco do estado e do Brasil\u201d, disse o presidente.<\/p>\n\n\n\n<p>Bolsonaro enfrenta o seu pico de rejei\u00e7\u00e3o desde o in\u00edcio do mandato, em janeiro do ano passado. Segundo pesquisa Datafolha da semana passada, 43% dos brasileiros consideram o governo ruim ou p\u00e9ssimo. Recorde na gest\u00e3o, esse n\u00famero era de 38% no levantamento anterior, no final de abril.<\/p>\n\n\n\n<p>Por outro lado, 33% dos brasileiros consideram sua gest\u00e3o \u00f3tima ou boa. J\u00e1 aqueles que acham o governo regular, potenciais eleitores-p\u00eandulo numa disputa polarizada, s\u00e3o 22%.<\/p>\n\n\n\n<p>De acordo com a mesma pesquisa, as possibilidades de impeachment e de ren\u00fancia do presidente continuam dividindo a popula\u00e7\u00e3o praticamente ao meio.<\/p>\n\n\n\n<p>Disseram que o Congresso n\u00e3o deve abrir processo para afastar o presidente 50% dos entrevistados. Para 46%, o Legislativo deveria dar in\u00edcio ao processo. A margem de erro da pesquisa \u00e9 de dois pontos percentuais, para mais ou para menos.<\/p>\n\n\n\n<p>Em rela\u00e7\u00e3o \u00e0 ren\u00fancia, 50% acreditam que o presidente n\u00e3o deve renunciar, enquanto a taxa de quem defende a ren\u00fancia de Bolsonaro atingiu 48%.<\/p>\n","protected":false},"excerpt":{"rendered":"<p>Sem m\u00e1scara, na inaugura\u00e7\u00e3o de um hospital de campanha para v\u00edtimas do novo coronav\u00edrus na cidade de \u00c1guas Lindas de Goi\u00e1s, a 57 km de&hellip; <\/p>\n","protected":false},"author":2,"featured_media":173112,"comment_status":"closed","ping_status":"closed","sticky":false,"template":"","format":"standard","meta":{"sfsi_plus_gutenberg_text_before_share":"","sfsi_plus_gutenberg_show_text_before_share":"","sfsi_plus_gutenberg_icon_type":"","sfsi_plus_gutenberg_icon_alignemt":"","sfsi_plus_gutenburg_max_per_row":"","footnotes":""},"categories":[11],"tags":[],"class_list":["post-173110","post","type-post","status-publish","format-standard","has-post-thumbnail","hentry","category-politica"],"_links":{"self":[{"href":"https:\/\/www.caririemacao.com\/1\/wp-json\/wp\/v2\/posts\/173110","targetHints":{"allow":["GET"]}}],"collection":[{"href":"https:\/\/www.caririemacao.com\/1\/wp-json\/wp\/v2\/posts"}],"about":[{"href":"https:\/\/www.caririemacao.com\/1\/wp-json\/wp\/v2\/types\/post"}],"author":[{"embeddable":true,"href":"https:\/\/www.caririemacao.com\/1\/wp-json\/wp\/v2\/users\/2"}],"replies":[{"embeddable":true,"href":"https:\/\/www.caririemacao.com\/1\/wp-json\/wp\/v2\/comments?post=173110"}],"version-history":[{"count":1,"href":"https:\/\/www.caririemacao.com\/1\/wp-json\/wp\/v2\/posts\/173110\/revisions"}],"predecessor-version":[{"id":173113,"href":"https:\/\/www.caririemacao.com\/1\/wp-json\/wp\/v2\/posts\/173110\/revisions\/173113"}],"wp:featuredmedia":[{"embeddable":true,"href":"https:\/\/www.caririemacao.com\/1\/wp-json\/wp\/v2\/media\/173112"}],"wp:attachment":[{"href":"https:\/\/www.caririemacao.com\/1\/wp-json\/wp\/v2\/media?parent=173110"}],"wp:term":[{"taxonomy":"category","embeddable":true,"href":"https:\/\/www.caririemacao.com\/1\/wp-json\/wp\/v2\/categories?post=173110"},{"taxonomy":"post_tag","embeddable":true,"href":"https:\/\/www.caririemacao.com\/1\/wp-json\/wp\/v2\/tags?post=173110"}],"curies":[{"name":"wp","href":"https:\/\/api.w.org\/{rel}","templated":true}]}}