{"id":173117,"date":"2020-06-05T18:34:45","date_gmt":"2020-06-05T21:34:45","guid":{"rendered":"https:\/\/www.caririemacao.com\/1\/?p=173117"},"modified":"2020-06-05T18:34:45","modified_gmt":"2020-06-05T21:34:45","slug":"coronavirus-na-contramao-do-mundo-brasil-flexibiliza-quarentena-antes-de-atingir-pico-de-mortes","status":"publish","type":"post","link":"https:\/\/www.caririemacao.com\/1\/2020\/06\/05\/coronavirus-na-contramao-do-mundo-brasil-flexibiliza-quarentena-antes-de-atingir-pico-de-mortes\/","title":{"rendered":"Coronav\u00edrus: na contram\u00e3o do mundo, Brasil flexibiliza quarentena antes de atingir pico de mortes"},"content":{"rendered":"\n<p>Quem v\u00ea o notici\u00e1rio pode pensar que a pandemia do novo coronav\u00edrus est\u00e1 vivendo dois momentos diferentes ao mesmo tempo no Brasil.<\/p>\n\n\n\n<p>Um \u00e9 o dr\u00e1stico momento de ver que a doen\u00e7a continua matando cada vez mais gente. \u00c9 o que apontam os recordes sucessivos de casos e mortes por Covid-19 divulgados pelo Minist\u00e9rio da Sa\u00fade nos \u00faltimos dias. O Brasil j\u00e1 \u00e9 o segundo pa\u00eds em casos, com mais de meio milh\u00e3o, e o terceiro em mortes, que passam de 30 mil.<\/p>\n\n\n\n<p>O outro, \u00e9 o momento de achar que o pior j\u00e1 passou, que a pandemia parece j\u00e1 estar sob controle, a julgar pelos v\u00e1rios Estados brasileiros que est\u00e3o flexibilizando suas quarentenas.<\/p>\n\n\n\n<p>\u00c9 verdade que muitos pa\u00edses tamb\u00e9m est\u00e3o seguindo, ou j\u00e1 seguiram, o caminho da flexibiliza\u00e7\u00e3o das medidas de isolamento.<\/p>\n\n\n\n<p>Mas a grande maioria desses pa\u00edses s\u00f3 adotou medidas de flexibiliza\u00e7\u00e3o depois que o n\u00famero de casos novos e mortes come\u00e7ou a cair, explica o epidemiologista Antonio Moura da Silva, professor do departamento de Sa\u00fade P\u00fablica da Universidade Federal do Maranh\u00e3o (UFMA) \u2014 pa\u00edses como China, Alemanha, Reino Unido, It\u00e1lia, Espanha e Fran\u00e7a.<\/p>\n\n\n\n<p>O Brasil est\u00e1 flexibilizando a quarentena enquanto os n\u00fameros ainda est\u00e3o aumentando e sem saber se a pandemia j\u00e1 chegou ao pico. &#8220;\u00c9 uma insanidade&#8221;, diz Silva.<\/p>\n\n\n\n<h2 class=\"wp-block-heading\">Brasil n\u00e3o atende crit\u00e9rios da OMS<\/h2>\n\n\n\n<p>A Organiza\u00e7\u00e3o Mundial da Sa\u00fade (OMS) recomenda seis crit\u00e9rios para flexibilizar o isolamento social. Mas o Brasil ainda n\u00e3o atende alguns deles.<\/p>\n\n\n\n<p>Os novos casos devem ser espor\u00e1dicos e concentrados em certos lugares \u2014 e em um n\u00edvel que n\u00e3o sobrecarregue o sistema de sa\u00fade.<\/p>\n\n\n\n<p>Um pa\u00eds tamb\u00e9m deve fazer testes em massa para identificar os casos e seus contatos, e isolar e tratar a todos.<\/p>\n\n\n\n<p>\u00c9 preciso proteger especialmente locais mais vulner\u00e1veis a surtos, como favelas, por exemplo, e tomar medidas para reduzir o risco de transmiss\u00e3o do v\u00edrus em locais de trabalho.<\/p>\n\n\n\n<p>E tamb\u00e9m tentar impedir a importa\u00e7\u00e3o e exporta\u00e7\u00e3o de casos e garantir que a popula\u00e7\u00e3o esteja consciente e comprometida com as a\u00e7\u00f5es de combate \u00e0 pandemia.<\/p>\n\n\n\n<figure class=\"wp-block-image\"><img decoding=\"async\" data-src=\"https:\/\/s2.glbimg.com\/hFLD22c-fwZz7Vmhvzq93vg73yk=\/0x0:1220x686\/984x0\/smart\/filters:strip_icc()\/i.s3.glbimg.com\/v1\/AUTH_59edd422c0c84a879bd37670ae4f538a\/internal_photos\/bs\/2020\/e\/1\/sqU44YRoODCxsodqGdPA\/thumbnail-image002-2-.jpg\" alt=\"Relaxamento do distanciamento social ocorre em meio a explos\u00e3o de casos \u2014 Foto: Reuters\" src=\"data:image\/svg+xml;base64,PHN2ZyB3aWR0aD0iMSIgaGVpZ2h0PSIxIiB4bWxucz0iaHR0cDovL3d3dy53My5vcmcvMjAwMC9zdmciPjwvc3ZnPg==\" class=\"lazyload\" \/><\/figure>\n\n\n\n<p>Relaxamento do distanciamento social ocorre em meio a explos\u00e3o de casos \u2014 Foto: Reuters<\/p>\n\n\n\n<p>A Escola de Governan\u00e7a Blavatnik, da Universidade de Oxford, no Reino Unido, avalia 170 pa\u00edses em quatro destes crit\u00e9rios \u2014 ficam de fora a preven\u00e7\u00e3o no trabalho e em lugares mais vulner\u00e1veis \u2014 e d\u00e1 uma nota entre 0 e 1 para cada pa\u00eds.<\/p>\n\n\n\n<p>Quanto mais longe da nota 1, menos preparado um pa\u00eds est\u00e1 para flexibilizar o distanciamento social. A nota do Brasil neste momento \u00e9 0,6.<\/p>\n\n\n\n<p>O pa\u00eds vai bem em dois crit\u00e9rios: a preven\u00e7\u00e3o de casos importados e exportados, porque as fronteiras est\u00e3o fechadas, e a conscientiza\u00e7\u00e3o da popula\u00e7\u00e3o, ainda que o isolamento tenha deixado a desejar.<\/p>\n\n\n\n<p>O problema s\u00e3o a explos\u00e3o de novos casos e mortes e a falta de uma pol\u00edtica nacional de testagem, investiga\u00e7\u00e3o de cont\u00e1gios e isolamento de casos.<\/p>\n\n\n\n<p>Beatriz Kira, uma das pesquisadoras de Oxford respons\u00e1vel pelo estudo, destaca que quase todos os pa\u00edses n\u00e3o atendem os crit\u00e9rios avaliados \u2014 s\u00f3 a Nova Zel\u00e2ndia recebeu a nota m\u00e1xima \u2014, e que muitos est\u00e3o flexibilizando seus isolamentos mesmo assim.<\/p>\n\n\n\n<blockquote class=\"wp-block-quote is-layout-flow wp-block-quote-is-layout-flow\"><p>&#8220;\u00c9 uma escolha dif\u00edcil. \u00c9 preciso considerar muitas vari\u00e1veis, como o impacto sobre o sistema de sa\u00fade, a educa\u00e7\u00e3o das crian\u00e7as, a economia, a sa\u00fade mental das pessoas&#8221;, diz Kira.<\/p><\/blockquote>\n\n\n\n<p>Mas um dos primeiros crit\u00e9rios levados em conta para relaxar as quarentena \u00e9 um pa\u00eds ter passado do auge da pandemia, e n\u00e3o h\u00e1 ind\u00edcios de que o Brasil tenha chegado ao pico, afirma a pesquisadora.<\/p>\n\n\n\n<p>&#8220;O que tamb\u00e9m diferencia o Brasil dos outros pa\u00edses \u00e9 que seu n\u00famero de novos casos e mortes continua batendo recordes.&#8221;<\/p>\n\n\n\n<h2 class=\"wp-block-heading\">Taxa de cont\u00e1gio est\u00e1 acima do que deveria<\/h2>\n\n\n\n<p>O epidemiologista Antonio Moura da Silva diz que alguns objetivos deveriam ser atingidos antes de o pa\u00eds flexibilizar o distanciamento social.<\/p>\n\n\n\n<p>Um deles \u00e9 ter uma ocupa\u00e7\u00e3o dos leitos de unidades de tratamento intensivo (UTI) de no m\u00e1ximo 70%, para haver alguma folga que d\u00ea conta de um aumento s\u00fabito de novas infec\u00e7\u00f5es.<\/p>\n\n\n\n<p>Outro \u00e9 a curva de novos casos estar caindo h\u00e1 14 dias, tempo suficiente para saber essa tend\u00eancia \u00e9 tempor\u00e1ria ou n\u00e3o. E uma taxa de cont\u00e1gio (R0) abaixo de 1, tamb\u00e9m por duas semanas.<\/p>\n\n\n\n<p>Esse \u00edndice, o R0, indica quantas pessoas algu\u00e9m que tem o v\u00edrus pode infectar e \u00e9 fundamental porque, quando fica menor do que 1, o n\u00famero de novos casos para de crescer e come\u00e7a a cair. O isolamento social \u00e9 uma as formas mais eficazes de conseguir isso.<\/p>\n\n\n\n<p>No entanto, a taxa de todos os Estados brasileiros, calculadas pela Universidade Johns Hopkins, ainda est\u00e3o acima deste patamar, aponta Fernando Spilki, presidente da Sociedade Brasileira de Virologia (SBV).<\/p>\n\n\n\n<figure class=\"wp-block-image\"><img decoding=\"async\" data-src=\"https:\/\/s2.glbimg.com\/f171K5-WweEZysz3WX9SHu7w894=\/0x0:1220x686\/984x0\/smart\/filters:strip_icc()\/i.s3.glbimg.com\/v1\/AUTH_59edd422c0c84a879bd37670ae4f538a\/internal_photos\/bs\/2020\/7\/q\/hEDtGxQ9GL898pAoXC1Q\/thumbnail-image003-1-.jpg\" alt=\"Maioria dos pa\u00edses adotou a queda de e mortes como crit\u00e9rio para reabertura \u2014 Foto: Reuters\" src=\"data:image\/svg+xml;base64,PHN2ZyB3aWR0aD0iMSIgaGVpZ2h0PSIxIiB4bWxucz0iaHR0cDovL3d3dy53My5vcmcvMjAwMC9zdmciPjwvc3ZnPg==\" class=\"lazyload\" \/><\/figure>\n\n\n\n<p>Maioria dos pa\u00edses adotou a queda de e mortes como crit\u00e9rio para reabertura \u2014 Foto: Reuters<\/p>\n\n\n\n<blockquote class=\"wp-block-quote is-layout-flow wp-block-quote-is-layout-flow\"><p>&#8220;A Alemanha adotou uma taxa de 0,7 para a maioria das regi\u00f5es que fizeram a reabertura, por exemplo. Aqui, n\u00e3o estamos usando esse crit\u00e9rio&#8221;, diz Spilki.<\/p><\/blockquote>\n\n\n\n<p>Para o virologista, o par\u00e2metro mais comum no Brasil \u00e9 a lota\u00e7\u00e3o das UTIs, mas isso d\u00e1 s\u00f3 uma vis\u00e3o de curto prazo da pandemia e n\u00e3o permite saber se ela est\u00e1 sob controle.<\/p>\n\n\n\n<blockquote class=\"wp-block-quote is-layout-flow wp-block-quote-is-layout-flow\"><p>&#8220;A gente n\u00e3o consegue saber o que vai acontecer na pr\u00f3xima semana ou daqui a 15 dias. A taxa de cont\u00e1gio permite fazer isso.&#8221;<\/p><\/blockquote>\n\n\n\n<h2 class=\"wp-block-heading\">Pandemia mais longa e com mais preju\u00edzos<\/h2>\n\n\n\n<p>O desencontro das mensagens dos governos estaduais e municipais, que implantaram as quarentenas, e o governo federal, que foi contra essas medidas, prejudicaram a ades\u00e3o ao isolamento no Brasil, que n\u00e3o foi suficiente para reduzir a taxa de cont\u00e1gio a \u00edndices satisfat\u00f3rios.<\/p>\n\n\n\n<p>Os casos continuaram a subir. Mas tamb\u00e9m aumentou a press\u00e3o popular para o retorno a normalidade com reabertura do com\u00e9rcio \u2014 sem nunca ter fechado de fato.<\/p>\n\n\n\n<p>Por isso, os Estados e munic\u00edpios agora cedem a esses apelos, avaliam os especialistas ouvidos pela BBC News Brasil, mesmo em condi\u00e7\u00f5es bem desfavor\u00e1veis, e isso deve agravar ainda mais os impactos da pandemia.<\/p>\n\n\n\n<p>O surto no Brasil, que j\u00e1 \u00e9 mais longo do que o de outros pa\u00edses, deve se prolongar ainda mais, diz Fernando Spilki.<\/p>\n\n\n\n<blockquote class=\"wp-block-quote is-layout-flow wp-block-quote-is-layout-flow\"><p>&#8220;Isso vai gerar um preju\u00edzo econ\u00f4mico ainda maior, porque vamos reabrir, ter novos surtos e ter de fechar tudo outra vez onde isso acontecer&#8221;, afirma o presidente da SBV.<\/p><\/blockquote>\n\n\n\n<figure class=\"wp-block-image\"><img decoding=\"async\" data-src=\"https:\/\/s2.glbimg.com\/Lg7pGgTpWJnKQtqFJ2ZI_exMQSk=\/0x0:686x686\/984x0\/smart\/filters:strip_icc()\/i.s3.glbimg.com\/v1\/AUTH_59edd422c0c84a879bd37670ae4f538a\/internal_photos\/bs\/2020\/6\/e\/UYhHPySGSHouB71GMaxw\/thumbnail-image004-1-.jpg\" alt=\"O Rio de Janeiro foi um dos Estados que anunciaram planos de reabertura \u2014 Foto: AFP\" src=\"data:image\/svg+xml;base64,PHN2ZyB3aWR0aD0iMSIgaGVpZ2h0PSIxIiB4bWxucz0iaHR0cDovL3d3dy53My5vcmcvMjAwMC9zdmciPjwvc3ZnPg==\" class=\"lazyload\" \/><\/figure>\n\n\n\n<p>O Rio de Janeiro foi um dos Estados que anunciaram planos de reabertura \u2014 Foto: AFP<\/p>\n\n\n\n<blockquote class=\"wp-block-quote is-layout-flow wp-block-quote-is-layout-flow\"><p>&#8220;\u00c9 uma aposta e que provavelmente vai dar errado, e o n\u00famero de novos casos e mortes vai aumentar&#8221;, diz Antonio Moura da Silva, da UFMA.<\/p><\/blockquote>\n\n\n\n<p>O m\u00e9dico Bharat Pankhania, professor palestrante da Escola de Medicina da Universidade de Exeter, no Reino Unido, especializado em controle de doen\u00e7as infecciosas, critica a op\u00e7\u00e3o de reabrir a economia no Brasil enquanto o v\u00edrus ainda circula amplamente.<\/p>\n\n\n\n<p>&#8220;As pessoas v\u00e3o ser infectadas, e os governantes ser\u00e3o respons\u00e1veis pelos brasileiros que v\u00e3o morrer por causa disso&#8221;, diz Pankhania, que defende que quem puder se mantenha isolado.<\/p>\n\n\n\n<p>&#8220;As pessoas podem tomar precau\u00e7\u00f5es individualmente, mas essa responsabilidade tamb\u00e9m \u00e9 dos empregadores. \u00c9 uma decis\u00e3o pode ser feita em todos os n\u00edveis.&#8221;<\/p>\n\n\n\n<p>Mesmo assim, reconhece o m\u00e9dico, a parcela da popula\u00e7\u00e3o mais pobre fica mais vulner\u00e1vel: &#8220;Assim como aqueles que seguem um l\u00edder que est\u00e1 errado cegamente&#8221;.<\/p>\n","protected":false},"excerpt":{"rendered":"<p>Quem v\u00ea o notici\u00e1rio pode pensar que a pandemia do novo coronav\u00edrus est\u00e1 vivendo dois momentos diferentes ao mesmo tempo no Brasil. Um \u00e9 o&hellip; <\/p>\n","protected":false},"author":1,"featured_media":173118,"comment_status":"closed","ping_status":"closed","sticky":false,"template":"","format":"standard","meta":{"sfsi_plus_gutenberg_text_before_share":"","sfsi_plus_gutenberg_show_text_before_share":"","sfsi_plus_gutenberg_icon_type":"","sfsi_plus_gutenberg_icon_alignemt":"","sfsi_plus_gutenburg_max_per_row":"","footnotes":""},"categories":[6,50],"tags":[],"class_list":["post-173117","post","type-post","status-publish","format-standard","has-post-thumbnail","hentry","category-cidades","category-destaque"],"_links":{"self":[{"href":"https:\/\/www.caririemacao.com\/1\/wp-json\/wp\/v2\/posts\/173117","targetHints":{"allow":["GET"]}}],"collection":[{"href":"https:\/\/www.caririemacao.com\/1\/wp-json\/wp\/v2\/posts"}],"about":[{"href":"https:\/\/www.caririemacao.com\/1\/wp-json\/wp\/v2\/types\/post"}],"author":[{"embeddable":true,"href":"https:\/\/www.caririemacao.com\/1\/wp-json\/wp\/v2\/users\/1"}],"replies":[{"embeddable":true,"href":"https:\/\/www.caririemacao.com\/1\/wp-json\/wp\/v2\/comments?post=173117"}],"version-history":[{"count":1,"href":"https:\/\/www.caririemacao.com\/1\/wp-json\/wp\/v2\/posts\/173117\/revisions"}],"predecessor-version":[{"id":173119,"href":"https:\/\/www.caririemacao.com\/1\/wp-json\/wp\/v2\/posts\/173117\/revisions\/173119"}],"wp:featuredmedia":[{"embeddable":true,"href":"https:\/\/www.caririemacao.com\/1\/wp-json\/wp\/v2\/media\/173118"}],"wp:attachment":[{"href":"https:\/\/www.caririemacao.com\/1\/wp-json\/wp\/v2\/media?parent=173117"}],"wp:term":[{"taxonomy":"category","embeddable":true,"href":"https:\/\/www.caririemacao.com\/1\/wp-json\/wp\/v2\/categories?post=173117"},{"taxonomy":"post_tag","embeddable":true,"href":"https:\/\/www.caririemacao.com\/1\/wp-json\/wp\/v2\/tags?post=173117"}],"curies":[{"name":"wp","href":"https:\/\/api.w.org\/{rel}","templated":true}]}}