{"id":173120,"date":"2020-06-05T19:00:31","date_gmt":"2020-06-05T22:00:31","guid":{"rendered":"https:\/\/www.caririemacao.com\/1\/?p=173120"},"modified":"2020-06-05T19:00:31","modified_gmt":"2020-06-05T22:00:31","slug":"trump-diz-que-pelo-menos-1-milhao-foram-salvos-do-coronavirus-ao-fechar-os-eua-e-observa-que-brasil-esta-em-um-momento-bem-dificil","status":"publish","type":"post","link":"https:\/\/www.caririemacao.com\/1\/2020\/06\/05\/trump-diz-que-pelo-menos-1-milhao-foram-salvos-do-coronavirus-ao-fechar-os-eua-e-observa-que-brasil-esta-em-um-momento-bem-dificil\/","title":{"rendered":"Trump diz que pelo menos 1 milh\u00e3o foram salvos do Coronav\u00edrus ao &#8216;fechar os EUA&#8217; e observa que Brasil est\u00e1 em um &#8216;momento bem dif\u00edcil&#8221;"},"content":{"rendered":"\n<p>O presidente americano\u00a0Donald Trump\u00a0disse nesta-sexta-feira (5) que salvou pelo menos 1 milh\u00e3o ao &#8220;fechar os\u00a0<a href=\"https:\/\/g1.globo.com\/tudo-sobre\/estados-unidos\/\">EUA<\/a>&#8221; e afirmou que o Brasil est\u00e1 num &#8220;momento bem dif\u00edcil&#8221; com o coronav\u00edrus.<\/p>\n\n\n\n<figure class=\"wp-block-image\"><img decoding=\"async\" data-src=\"https:\/\/s01.video.glbimg.com\/x240\/8605512.jpg\" alt=\"Trump: \u2018Brasil vive tempos dif\u00edceis no combate \u00e0 Covid-19\u2019\" title=\"Trump: \u2018Brasil vive tempos dif\u00edceis no combate \u00e0 Covid-19\u2019\" src=\"data:image\/svg+xml;base64,PHN2ZyB3aWR0aD0iMSIgaGVpZ2h0PSIxIiB4bWxucz0iaHR0cDovL3d3dy53My5vcmcvMjAwMC9zdmciPjwvc3ZnPg==\" class=\"lazyload\" \/><\/figure>\n\n\n\n<p>Trump: \u2018Brasil vive tempos dif\u00edceis no combate \u00e0 Covid-19\u2019<\/p>\n\n\n\n<p>&#8220;Fechamos nosso pa\u00eds. Salvamos, possivelmente, 2 milh\u00f5es, 2,5 milh\u00f5es de vidas. Poderia ser s\u00f3 um milh\u00e3o de vidas, acho que n\u00e3o menos que isso. Mas se considerarmos que estamos em 105 mil hoje em dia, o n\u00famero de v\u00edtimas seria pelo menos 10 vezes maior. \u00c9 o que se acredita como m\u00ednimo se fiz\u00e9ssemos (imunidade de) rebanho&#8221;, comentou.<\/p>\n\n\n\n<p>&#8220;Se voc\u00ea olha para o Brasil,&nbsp;<strong>eles est\u00e3o num momento bem dif\u00edcil<\/strong>. E, a prop\u00f3sito, eles falam muito da Su\u00e9cia. Isso voltou a assombrar a Su\u00e9cia. A Su\u00e9cia est\u00e1 tendo um momento terr\u00edvel. Se tiv\u00e9ssemos agido assim, ter\u00edamos perdido 1 milh\u00e3o, 1,5 milh\u00e3o, talvez 2,5 milh\u00f5es ou at\u00e9 mais&#8221;, afirmou.<\/p>\n\n\n\n<blockquote class=\"wp-block-quote is-layout-flow wp-block-quote-is-layout-flow\"><p>Inicialmente, Trump minimizou a amea\u00e7a do v\u00edrus que j\u00e1 matou mais de 108 mil pessoas nos Estados Unidos, o maior n\u00famero de mortos de qualquer pa\u00eds do mundo.<\/p><\/blockquote>\n\n\n\n<p>O presidente por vezes contradisse especialistas em doen\u00e7as de seu governo, promoveu tratamentos potenciais que n\u00e3o foram considerados eficientes e j\u00e1 acusou governadores democratas de reabrirem seus Estados vagarosamente para prejudicar suas chances de reelei\u00e7\u00e3o.<\/p>\n\n\n\n<p>Os norte-americanos parecem estar cada vez mais cr\u00edticos \u00e0 maneira pela qual Trump conduz a crise da sa\u00fade. De acordo com uma pesquisa Reuters\/Ipsos publicada no dia 12 de maio, os que desaprovam o desempenho de Trump no comando da resposta \u00e0 pandemia superam os que aprovam por 13 pontos percentuais.<\/p>\n\n\n\n<p>O levantamento mostra que 41% dos adultos norte-americanos aprovam o desempenho de Trump no cargo, queda de 4 pontos em rela\u00e7\u00e3o a um levantamento semelhante conduzido em meados de abril. A reprova\u00e7\u00e3o ao presidente cresceu 5 pontos para 56% no mesmo per\u00edodo.<\/p>\n\n\n\n<h2 class=\"wp-block-heading\">Evolu\u00e7\u00e3o dos n\u00fameros brasileiros<\/h2>\n\n\n\n<p>O Brasil superou a It\u00e1lia em n\u00famero de mortos por complica\u00e7\u00f5es da Covid-19 na quinta-feira (4).&nbsp;<strong>O pa\u00eds acumula 34.021 vidas perdidas durante a pandemia e est\u00e1 atr\u00e1s apenas do Reino Unido e dos Estados Unidos<\/strong>, segundo o balan\u00e7o mais recente do Minist\u00e9rio da Sa\u00fade.<\/p>\n\n\n\n<p>O Brasil chegou a terceiro pa\u00eds com mais mortes no mundo 79 dias depois do registro da primeira v\u00edtima da Covid-19, em 17 de mar\u00e7o.<\/p>\n\n\n\n<p>No mundo inteiro, a pandemia j\u00e1 fez cerca de 389,6 mil mortes, de acordo com o painel da universidade norte-americana Johns Hopkins. A doen\u00e7a come\u00e7ou na China, que hoje tem pouco mais de 4,6 mil mortes. O pa\u00eds asi\u00e1tico mais atingido \u00e9 o Ir\u00e3, com mais de 8 mil \u00f3bitos.<\/p>\n\n\n\n<p>Ao comparar as taxas de mortes por cada 100 mil habitantes, o Brasil tem 14 mortes a cada 100 mil.<\/p>\n\n\n\n<p>Essa taxa mostra o efeito do v\u00edrus em pa\u00edses menos populosos, como o Reino Unido (66,6 milh\u00f5es) e a It\u00e1lia (60,3 milh\u00f5es de habitantes), em compara\u00e7\u00e3o com os EUA (329,5 milh\u00f5es) e Brasil (209,5 milh\u00f5es).<\/p>\n\n\n\n<h2 class=\"wp-block-heading\">Floyd<\/h2>\n\n\n\n<p>Enquanto divulgava o\u00a0n\u00famero surpreendente de queda de desemprego\u00a0nos EUA em maio, Trump disse ainda que esperava que George Floyd estivesse &#8220;olhando para baixo&#8221; do c\u00e9u &#8220;e dizendo: &#8216;Isso \u00e9 uma grande coisa acontecendo para o nosso pa\u00eds. &#8216;\u201d<\/p>\n\n\n\n<p>Ele disse que uma economia forte \u00e9 essencial para melhorar as tens\u00f5es raciais.<\/p>\n\n\n\n<blockquote class=\"wp-block-quote is-layout-flow wp-block-quote-is-layout-flow\"><p>&#8220;Este \u00e9 um \u00f3timo dia para ele, \u00e9 um \u00f3timo dia para todos&#8221;, disse ele. \u201c\u00c9 um \u00f3timo dia para todos. Este \u00e9 um \u00f3timo, \u00f3timo dia em termos de igualdade \u201d, disse ele em uma entrevista coletiva concedida nos jardins da Casa Branca, referindo-se ao homem negro morto sob cust\u00f3dia da pol\u00edcia de Minneapolis.<\/p><\/blockquote>\n\n\n\n<p>&#8220;\u00c9 realmente o que nossa constitui\u00e7\u00e3o exige, e \u00e9 sobre o que nosso pa\u00eds \u00e9&#8221;, disse o presidente.<\/p>\n\n\n\n<p>Trump ainda celebrou que a pior parte da pandemia de coronav\u00edrus teria ficado para tr\u00e1s no pa\u00eds.<\/p>\n\n\n\n<blockquote class=\"wp-block-quote is-layout-flow wp-block-quote-is-layout-flow\"><p>&#8220;T\u00ednhamos a maior economia da hist\u00f3ria. E essa for\u00e7a nos permitiu superar esta horr\u00edvel pandemia, que j\u00e1 superamos, em grande medida. Acho que estamos indo bem&#8221;, declarou Trump, em uma entrevista coletiva na qual comemorou que o desemprego em maio tenha ca\u00eddo para 13,3%.<\/p><\/blockquote>\n\n\n\n<h2 class=\"wp-block-heading\">China<\/h2>\n\n\n\n<p>Trump comentou que v\u00ea a Fase 1 do acordo comercial assinado entre os EUA e a China de maneira diferente ap\u00f3s a pandemia.<\/p>\n\n\n\n<p>&#8220;Acho que vejo o acordo comercial de forma um pouco diferente do que h\u00e1 tr\u00eas meses&#8221;,comentou.<\/p>\n\n\n\n<p>&#8220;Uma rela\u00e7\u00e3o harmoniosa com a China seria uma coisa boa. N\u00e3o sei se isso vai acontecer. Aviso a voc\u00eas&#8221;, acrescentou<\/p>\n","protected":false},"excerpt":{"rendered":"<p>O presidente americano\u00a0Donald Trump\u00a0disse nesta-sexta-feira (5) que salvou pelo menos 1 milh\u00e3o ao &#8220;fechar os\u00a0EUA&#8221; e afirmou que o Brasil est\u00e1 num &#8220;momento bem dif\u00edcil&#8221;&hellip; <\/p>\n","protected":false},"author":1,"featured_media":173121,"comment_status":"closed","ping_status":"closed","sticky":false,"template":"","format":"standard","meta":{"sfsi_plus_gutenberg_text_before_share":"","sfsi_plus_gutenberg_show_text_before_share":"","sfsi_plus_gutenberg_icon_type":"","sfsi_plus_gutenberg_icon_alignemt":"","sfsi_plus_gutenburg_max_per_row":"","footnotes":""},"categories":[6,50],"tags":[],"class_list":["post-173120","post","type-post","status-publish","format-standard","has-post-thumbnail","hentry","category-cidades","category-destaque"],"_links":{"self":[{"href":"https:\/\/www.caririemacao.com\/1\/wp-json\/wp\/v2\/posts\/173120","targetHints":{"allow":["GET"]}}],"collection":[{"href":"https:\/\/www.caririemacao.com\/1\/wp-json\/wp\/v2\/posts"}],"about":[{"href":"https:\/\/www.caririemacao.com\/1\/wp-json\/wp\/v2\/types\/post"}],"author":[{"embeddable":true,"href":"https:\/\/www.caririemacao.com\/1\/wp-json\/wp\/v2\/users\/1"}],"replies":[{"embeddable":true,"href":"https:\/\/www.caririemacao.com\/1\/wp-json\/wp\/v2\/comments?post=173120"}],"version-history":[{"count":1,"href":"https:\/\/www.caririemacao.com\/1\/wp-json\/wp\/v2\/posts\/173120\/revisions"}],"predecessor-version":[{"id":173122,"href":"https:\/\/www.caririemacao.com\/1\/wp-json\/wp\/v2\/posts\/173120\/revisions\/173122"}],"wp:featuredmedia":[{"embeddable":true,"href":"https:\/\/www.caririemacao.com\/1\/wp-json\/wp\/v2\/media\/173121"}],"wp:attachment":[{"href":"https:\/\/www.caririemacao.com\/1\/wp-json\/wp\/v2\/media?parent=173120"}],"wp:term":[{"taxonomy":"category","embeddable":true,"href":"https:\/\/www.caririemacao.com\/1\/wp-json\/wp\/v2\/categories?post=173120"},{"taxonomy":"post_tag","embeddable":true,"href":"https:\/\/www.caririemacao.com\/1\/wp-json\/wp\/v2\/tags?post=173120"}],"curies":[{"name":"wp","href":"https:\/\/api.w.org\/{rel}","templated":true}]}}