{"id":173123,"date":"2020-06-05T19:21:39","date_gmt":"2020-06-05T22:21:39","guid":{"rendered":"https:\/\/www.caririemacao.com\/1\/?p=173123"},"modified":"2020-06-05T19:21:39","modified_gmt":"2020-06-05T22:21:39","slug":"secretaria-da-saude-de-caraubas-divulga-novo-boletim-atualizado-do-covid-19","status":"publish","type":"post","link":"https:\/\/www.caririemacao.com\/1\/2020\/06\/05\/secretaria-da-saude-de-caraubas-divulga-novo-boletim-atualizado-do-covid-19\/","title":{"rendered":"Secretaria da Sa\u00fade de Cara\u00fabas divulga novo boletim atualizado do Covid-19"},"content":{"rendered":"\n<p>A Secretaria da Sa\u00fade e o Departamento de Vigil\u00e2ncia em Sa\u00fade Epidemiol\u00f3gica da Prefeitura Municipal de Cara\u00fabas divulga novo Boletim Epidemiol\u00f3gico da COVID-19.<\/p>\n\n\n\n<p> O munic\u00edpio continua com apenas 01(um) caso confirmado e j\u00e1 devidamente curado. Pelo novo boletim foram zeradoros os casos em investiga\u00e7\u00e3o. Contudo, j\u00e1 foram notificados 49(Quarenta e Nove) casos dos quais 48(Quarenta e Oito) foram negativados. Existem ainda 03(tr\u00eas) casos em isolamento que s\u00e3o as pessoas que podem ter vindo de outro munic\u00edpio ou Estado.<\/p>\n\n\n\n<p> A Secretaria da Sa\u00fade continua trabalhando com transpar\u00eancia e \u00e9tica cumprindo fielmente com todos os protocolos oriundos das autoridades sanit\u00e1rias Federal e Estadual, pensando no Futuro de nossa gente!<\/p>\n","protected":false},"excerpt":{"rendered":"<p>A Secretaria da Sa\u00fade e o Departamento de Vigil\u00e2ncia em Sa\u00fade Epidemiol\u00f3gica da Prefeitura Municipal de Cara\u00fabas divulga novo Boletim Epidemiol\u00f3gico da COVID-19. O munic\u00edpio&hellip; <\/p>\n","protected":false},"author":1,"featured_media":173124,"comment_status":"closed","ping_status":"closed","sticky":false,"template":"","format":"standard","meta":{"sfsi_plus_gutenberg_text_before_share":"","sfsi_plus_gutenberg_show_text_before_share":"","sfsi_plus_gutenberg_icon_type":"","sfsi_plus_gutenberg_icon_alignemt":"","sfsi_plus_gutenburg_max_per_row":"","footnotes":""},"categories":[6,50],"tags":[],"class_list":["post-173123","post","type-post","status-publish","format-standard","has-post-thumbnail","hentry","category-cidades","category-destaque"],"_links":{"self":[{"href":"https:\/\/www.caririemacao.com\/1\/wp-json\/wp\/v2\/posts\/173123","targetHints":{"allow":["GET"]}}],"collection":[{"href":"https:\/\/www.caririemacao.com\/1\/wp-json\/wp\/v2\/posts"}],"about":[{"href":"https:\/\/www.caririemacao.com\/1\/wp-json\/wp\/v2\/types\/post"}],"author":[{"embeddable":true,"href":"https:\/\/www.caririemacao.com\/1\/wp-json\/wp\/v2\/users\/1"}],"replies":[{"embeddable":true,"href":"https:\/\/www.caririemacao.com\/1\/wp-json\/wp\/v2\/comments?post=173123"}],"version-history":[{"count":1,"href":"https:\/\/www.caririemacao.com\/1\/wp-json\/wp\/v2\/posts\/173123\/revisions"}],"predecessor-version":[{"id":173125,"href":"https:\/\/www.caririemacao.com\/1\/wp-json\/wp\/v2\/posts\/173123\/revisions\/173125"}],"wp:featuredmedia":[{"embeddable":true,"href":"https:\/\/www.caririemacao.com\/1\/wp-json\/wp\/v2\/media\/173124"}],"wp:attachment":[{"href":"https:\/\/www.caririemacao.com\/1\/wp-json\/wp\/v2\/media?parent=173123"}],"wp:term":[{"taxonomy":"category","embeddable":true,"href":"https:\/\/www.caririemacao.com\/1\/wp-json\/wp\/v2\/categories?post=173123"},{"taxonomy":"post_tag","embeddable":true,"href":"https:\/\/www.caririemacao.com\/1\/wp-json\/wp\/v2\/tags?post=173123"}],"curies":[{"name":"wp","href":"https:\/\/api.w.org\/{rel}","templated":true}]}}