{"id":173126,"date":"2020-06-05T19:24:04","date_gmt":"2020-06-05T22:24:04","guid":{"rendered":"https:\/\/www.caririemacao.com\/1\/?p=173126"},"modified":"2020-06-05T19:24:04","modified_gmt":"2020-06-05T22:24:04","slug":"monteiro-registra-mais-um-paciente-diagnosticado-com-coronavirus","status":"publish","type":"post","link":"https:\/\/www.caririemacao.com\/1\/2020\/06\/05\/monteiro-registra-mais-um-paciente-diagnosticado-com-coronavirus\/","title":{"rendered":"Monteiro registra mais um paciente diagnosticado com coronav\u00edrus"},"content":{"rendered":"\n<p>A Secretaria Municipal de Sa\u00fade de Monteiro informa que nesta sexta -feira, 05, tivemos mais um novo caso CONFIRMADO para Covid-19.<\/p>\n\n\n\n<p><br>Trata-se de uma paciente, 45 anos, sexo feminino que permanece em isolamento domiciliar, sob monitoramento da Vigil\u00e2ncia em sa\u00fade.<\/p>\n\n\n\n<p><br>Refor\u00e7amos a import\u00e2ncia de toda popula\u00e7\u00e3o seguir as orienta\u00e7\u00f5es do distanciamento social, o uso de m\u00e1scaras, a higieniza\u00e7\u00e3o das m\u00e3os com \u00e1lcool 70% e demais medidas apresentadas pela Secretaria de Sa\u00fade. <\/p>\n","protected":false},"excerpt":{"rendered":"<p>A Secretaria Municipal de Sa\u00fade de Monteiro informa que nesta sexta -feira, 05, tivemos mais um novo caso CONFIRMADO para Covid-19. Trata-se de uma paciente,&hellip; <\/p>\n","protected":false},"author":1,"featured_media":173127,"comment_status":"closed","ping_status":"closed","sticky":false,"template":"","format":"standard","meta":{"sfsi_plus_gutenberg_text_before_share":"","sfsi_plus_gutenberg_show_text_before_share":"","sfsi_plus_gutenberg_icon_type":"","sfsi_plus_gutenberg_icon_alignemt":"","sfsi_plus_gutenburg_max_per_row":"","footnotes":""},"categories":[6,50],"tags":[],"class_list":["post-173126","post","type-post","status-publish","format-standard","has-post-thumbnail","hentry","category-cidades","category-destaque"],"_links":{"self":[{"href":"https:\/\/www.caririemacao.com\/1\/wp-json\/wp\/v2\/posts\/173126","targetHints":{"allow":["GET"]}}],"collection":[{"href":"https:\/\/www.caririemacao.com\/1\/wp-json\/wp\/v2\/posts"}],"about":[{"href":"https:\/\/www.caririemacao.com\/1\/wp-json\/wp\/v2\/types\/post"}],"author":[{"embeddable":true,"href":"https:\/\/www.caririemacao.com\/1\/wp-json\/wp\/v2\/users\/1"}],"replies":[{"embeddable":true,"href":"https:\/\/www.caririemacao.com\/1\/wp-json\/wp\/v2\/comments?post=173126"}],"version-history":[{"count":1,"href":"https:\/\/www.caririemacao.com\/1\/wp-json\/wp\/v2\/posts\/173126\/revisions"}],"predecessor-version":[{"id":173128,"href":"https:\/\/www.caririemacao.com\/1\/wp-json\/wp\/v2\/posts\/173126\/revisions\/173128"}],"wp:featuredmedia":[{"embeddable":true,"href":"https:\/\/www.caririemacao.com\/1\/wp-json\/wp\/v2\/media\/173127"}],"wp:attachment":[{"href":"https:\/\/www.caririemacao.com\/1\/wp-json\/wp\/v2\/media?parent=173126"}],"wp:term":[{"taxonomy":"category","embeddable":true,"href":"https:\/\/www.caririemacao.com\/1\/wp-json\/wp\/v2\/categories?post=173126"},{"taxonomy":"post_tag","embeddable":true,"href":"https:\/\/www.caririemacao.com\/1\/wp-json\/wp\/v2\/tags?post=173126"}],"curies":[{"name":"wp","href":"https:\/\/api.w.org\/{rel}","templated":true}]}}