{"id":173129,"date":"2020-06-05T22:19:19","date_gmt":"2020-06-06T01:19:19","guid":{"rendered":"https:\/\/www.caririemacao.com\/1\/?p=173129"},"modified":"2020-06-05T22:33:52","modified_gmt":"2020-06-06T01:33:52","slug":"dois-acusados-sao-conduzidos-pela-policia-militar-para-a-delegacia-em-operacoes-qualificadas-de-transito","status":"publish","type":"post","link":"https:\/\/www.caririemacao.com\/1\/2020\/06\/05\/dois-acusados-sao-conduzidos-pela-policia-militar-para-a-delegacia-em-operacoes-qualificadas-de-transito\/","title":{"rendered":"Dois acusados foram conduzidos pela Pol\u00edcia Militar para a delegacia em opera\u00e7\u00f5es qualificadas de tr\u00e2nsito"},"content":{"rendered":"\n<p><em>Em Monteiro<\/em> por volta das 10h20min da sexta-feira (5), a Pol\u00edcia Militar abordou um condutor de 31 anos de idade, que estava em uma moto Iros ACTION 100 ES, na Rua Jos\u00e9 Augusto Gomes. O condutor estava com vis\u00edveis sintomas de embriaguez, o mesmo foi submetido ao teste de alcoolemia que deu positivo, o condutor e o ve\u00edculo foram levados at\u00e9 a Delegacia de Pol\u00edcia de Monteiro e l\u00e1 apresentado ao delegado para procedimentos jur\u00eddicos.<\/p>\n\n\n\n<p><em>Em Monteiro<\/em> por volta das 15h45min da sexta-feira (5), um condutor de 66 anos de idade, n\u00e3o respeitou o pedido de parada dos agentes da vigil\u00e2ncia sanit\u00e1ria, que estavam pr\u00f3ximos ao posto Avante, ignorando a sinaliza\u00e7\u00e3o, passou pilotando sua motocicleta em alta velocidade debochando e colocando em risco os agentes. Uma guarni\u00e7\u00e3o passou a perseguir o acusado que ao ser abordado, foi encontrado com o mesmo uma faca peixeira de oito polegadas, o acusado n\u00e3o estava portando CNH e n\u00e3o usava capacete. O mesmo foi conduzido juntamente com a motocicleta para a Delegacia para as provid\u00eancias cab\u00edveis.<\/p>\n\n\n\n<p><em>P\/5<\/em><br>Se\u00e7\u00e3o de Comunica\u00e7\u00e3o Social e Marketing Institucional &#8211; 11\u00ba BPM<\/p>\n","protected":false},"excerpt":{"rendered":"<p>Em Monteiro por volta das 10h20min da sexta-feira (5), a Pol\u00edcia Militar abordou um condutor de 31 anos de idade, que estava em uma moto&hellip; <\/p>\n","protected":false},"author":1,"featured_media":173130,"comment_status":"closed","ping_status":"closed","sticky":false,"template":"","format":"standard","meta":{"sfsi_plus_gutenberg_text_before_share":"","sfsi_plus_gutenberg_show_text_before_share":"","sfsi_plus_gutenberg_icon_type":"","sfsi_plus_gutenberg_icon_alignemt":"","sfsi_plus_gutenburg_max_per_row":"","footnotes":""},"categories":[6,12],"tags":[],"class_list":["post-173129","post","type-post","status-publish","format-standard","has-post-thumbnail","hentry","category-cidades","category-policia"],"_links":{"self":[{"href":"https:\/\/www.caririemacao.com\/1\/wp-json\/wp\/v2\/posts\/173129","targetHints":{"allow":["GET"]}}],"collection":[{"href":"https:\/\/www.caririemacao.com\/1\/wp-json\/wp\/v2\/posts"}],"about":[{"href":"https:\/\/www.caririemacao.com\/1\/wp-json\/wp\/v2\/types\/post"}],"author":[{"embeddable":true,"href":"https:\/\/www.caririemacao.com\/1\/wp-json\/wp\/v2\/users\/1"}],"replies":[{"embeddable":true,"href":"https:\/\/www.caririemacao.com\/1\/wp-json\/wp\/v2\/comments?post=173129"}],"version-history":[{"count":2,"href":"https:\/\/www.caririemacao.com\/1\/wp-json\/wp\/v2\/posts\/173129\/revisions"}],"predecessor-version":[{"id":173132,"href":"https:\/\/www.caririemacao.com\/1\/wp-json\/wp\/v2\/posts\/173129\/revisions\/173132"}],"wp:featuredmedia":[{"embeddable":true,"href":"https:\/\/www.caririemacao.com\/1\/wp-json\/wp\/v2\/media\/173130"}],"wp:attachment":[{"href":"https:\/\/www.caririemacao.com\/1\/wp-json\/wp\/v2\/media?parent=173129"}],"wp:term":[{"taxonomy":"category","embeddable":true,"href":"https:\/\/www.caririemacao.com\/1\/wp-json\/wp\/v2\/categories?post=173129"},{"taxonomy":"post_tag","embeddable":true,"href":"https:\/\/www.caririemacao.com\/1\/wp-json\/wp\/v2\/tags?post=173129"}],"curies":[{"name":"wp","href":"https:\/\/api.w.org\/{rel}","templated":true}]}}