{"id":173137,"date":"2020-06-06T05:30:56","date_gmt":"2020-06-06T08:30:56","guid":{"rendered":"https:\/\/www.caririemacao.com\/1\/?p=173137"},"modified":"2020-06-06T05:30:56","modified_gmt":"2020-06-06T08:30:56","slug":"witzel-autoriza-reabertura-de-shoppings-restaurantes-bares-e-a-volta-do-futebol","status":"publish","type":"post","link":"https:\/\/www.caririemacao.com\/1\/2020\/06\/06\/witzel-autoriza-reabertura-de-shoppings-restaurantes-bares-e-a-volta-do-futebol\/","title":{"rendered":"Witzel autoriza reabertura de shoppings, restaurantes, bares e a volta do futebol"},"content":{"rendered":"\n<p>Witzel autorizou a reabertura de shoppings; decreto de Crivella s\u00f3 permite na fase 2, prevista para o dia 17 \u2014 Foto: Marco Serra Lima\/ G1<\/p>\n\n\n\n<p>Um decreto publicado no fim da noite desta sexta-feira (5), em edi\u00e7\u00e3o extra do Di\u00e1rio Oficial, d\u00e1 in\u00edcio \u00e0 flexibiliza\u00e7\u00e3o do isolamento no estado do Rio de Janeiro devido ao novo coronav\u00edrus.<\/p>\n\n\n\n<p>O texto, assinado pelo governador Wilson Witzel, libera a reabertura parcial de bares, restaurantes e shoppings centers, mas a prefeitura da capital do estado, por exemplo, a\u00a0ainda n\u00e3o autorizou a reabertura.<\/p>\n\n\n\n<p>A volta do futebol e outros esportes de alto rendimento, desde que sem p\u00fablico, tamb\u00e9m est\u00e1 autorizada pelo governo.<\/p>\n\n\n\n<p>As medidas foram anunciada no dia em que o\u00a0RJ chegou a 6.473 mortes por Covid-19 e 63.066 casos\u00a0confirmados. O estado diz, no entanto, que as decis\u00f5es foram baseadas em dados que indicam a redu\u00e7\u00e3o da pandemia no RJ (<em>entenda abaixo<\/em>).<\/p>\n\n\n\n<p>A partir deste s\u00e1bado (6), est\u00e3o autorizados a funcionar pelo Governo do RJ (<em>algumas medidas dependem tamb\u00e9m dos decretos das prefeituras<\/em>):<\/p>\n\n\n\n<ul class=\"wp-block-list\"><li><strong>Bares e restaurantes<\/strong>, com limite de 50% de sua capacidade&nbsp;<em>(medida s\u00f3 seria permitida na fase 3 da prefeitura)<\/em>;<\/li><li><strong>shopping centers e centros comerciais<\/strong>, das 12h \u00e0s 20h, com limita\u00e7\u00e3o de 50% da capacidade, garantindo fornecimento de \u00e1lcool em gel 70%. As pra\u00e7as de alimenta\u00e7\u00e3o tamb\u00e9m podem reabrir, obedecendo ao limite de 50% da capacidade. \u00c1reas de recrea\u00e7\u00e3o, cinemas e afins, no entanto, permanecer\u00e3o fechados (<em>medida s\u00f3 seria permitida na fase 2 da prefeitura<\/em>);<\/li><li><strong>Equipamentos e pontos tur\u00edsticos<\/strong>, como Cristo Redentor e P\u00e3o de A\u00e7\u00facar, tamb\u00e9m est\u00e3o autorizados a abrir para o p\u00fablico, respeitando o limite de 50% de sua capacidade de lota\u00e7\u00e3o.<\/li><li><strong>organiza\u00e7\u00f5es religiosas&nbsp;<\/strong>podem funcionar, desde que seja observada a dist\u00e2ncia de 1 metro entre as pessoas;<\/li><li><strong>parques, para a pr\u00e1tica de esportes<\/strong>, desde que n\u00e3o haja aglomera\u00e7\u00e3o;<\/li><li><strong>atividades esportivas individuais ao ar livre<\/strong>, inclusive em praias e lagoas, preferencialmente pr\u00f3ximo \u00e0 resid\u00eancia;<\/li><li><strong>atividades esportivas de alto rendimento, como o futebol,<\/strong>&nbsp;desde que&nbsp;<strong>sem p\u00fablico<\/strong>&nbsp;e com os devidos&nbsp;<strong>protocolos de higieniza\u00e7\u00e3o&nbsp;<\/strong><em>(medida s\u00f3 seria permitida na fase 3 da prefeitura)<\/em>;<\/li><li><strong>atividades culturais&nbsp;<\/strong>de qualquer natureza no&nbsp;<strong>modelo drive-in;<\/strong><\/li><li><strong>feiras livres&nbsp;<\/strong>de produtos de g\u00eanero aliment\u00edcio, com restri\u00e7\u00f5es como dist\u00e2ncia de barracas de 1 metro e disponibiliza\u00e7\u00e3o de \u00e1lcool 70%;<\/li><li><a href=\"https:\/\/g1.globo.com\/rj\/rio-de-janeiro\/noticia\/2020\/06\/05\/governo-do-rj-libera-transporte-intermunicipal-a-partir-deste-sabado.ghtml\">retorno gradual do transporte intermunicipal de passageiros<\/a>.<\/li><\/ul>\n\n\n\n<h2 class=\"wp-block-heading\">Protocolos<\/h2>\n\n\n\n<p>Todos os estabelecimentos abertos devem seguir protocolos e medidas de seguran\u00e7a recomendadas pelas autoridades sanit\u00e1rias:<\/p>\n\n\n\n<ul class=\"wp-block-list\"><li>assegurar a dist\u00e2ncia m\u00ednima de 1 metro entre as pessoas;<\/li><li>disponibilizar \u00e1lcool em gel 70%;<\/li><li>obrigatoriedade do uso de m\u00e1scaras de prote\u00e7\u00e3o facial por clientes e funcion\u00e1rios.<\/li><\/ul>\n\n\n\n<h2 class=\"wp-block-heading\">Restri\u00e7\u00f5es prorrogadas<\/h2>\n\n\n\n<p>O decreto tamb\u00e9m prorrogou algumas medidas restritivas at\u00e9 21 de junho:<\/p>\n\n\n\n<ul class=\"wp-block-list\"><li><strong>aulas presencias<\/strong>&nbsp;das redes de ensino estadual, municipal e privada;<\/li><li>atividades coletivas em&nbsp;<strong>cinemas, teatros<\/strong>&nbsp;e afins;<\/li><li>funcionamento de&nbsp;<strong>academias de gin\u00e1stica;<\/strong><\/li><li><strong>visita a unidades prisionais<\/strong>, inclusive aquelas de natureza \u00edntima;<\/li><li><strong>visita a pacientes<\/strong>&nbsp;diagnosticados com a Covid-19, internados na rede p\u00fablica ou privada;<\/li><li><strong>perman\u00eancia em praias, lagoas, rios e piscinas<\/strong>&nbsp;p\u00fablicas<\/li><\/ul>\n\n\n\n<h2 class=\"wp-block-heading\">Shoppings<\/h2>\n\n\n\n<p>Segundo o decreto, shoppings poder\u00e3o funcionar entre 12h e 20h, com at\u00e9 50% da capacidade. Veja outras restri\u00e7\u00f5es ao funcionamento:<\/p>\n\n\n\n<ul class=\"wp-block-list\"><li>fornecer equipamentos de prote\u00e7\u00e3o individual e \u00e1lcool em gel 70% a todos os empregados, colaboradores, terceirizados e prestadores de servi\u00e7os;<\/li><li>Disponibilizar \u00e1lcool em gel 70% ou compostos de efeito similar a todos os clientes;<\/li><li>obrigatoriedade do uso de m\u00e1scara por clientes e funcion\u00e1rios;<\/li><li>garantir o distanciamento m\u00ednimo de 1 metro entre as pessoas;<\/li><li>proibi\u00e7\u00e3o do funcionamento de \u00e1reas de recrea\u00e7\u00e3o e lojas como brinquedotecas, de jogos eletr\u00f4nicos, cinemas, teatros e cong\u00eaneres;<\/li><li>funcionamento da pra\u00e7a de alimenta\u00e7\u00e3o com 50% de lota\u00e7\u00e3o;<\/li><li>provadores de lojas proibidos;<\/li><li>estacionamento com limite de 50%;<\/li><li>garantia da qualidade do ar dos ambientes climatizados, com protocolos de manuten\u00e7\u00e3o dos aparelhos e sistemas de climatiza\u00e7\u00e3o, realizando a troca dos filtros.<\/li><\/ul>\n\n\n\n<h2 class=\"wp-block-heading\">Hor\u00e1rios de ind\u00fastria e com\u00e9rcio<\/h2>\n\n\n\n<p>O decreto determina tamb\u00e9m o funcionamento de alguns setores do com\u00e9rcio e da ind\u00fastria em hor\u00e1rios espec\u00edficos para evitar aglomera\u00e7\u00f5es:<\/p>\n\n\n\n<ul class=\"wp-block-list\"><li><strong>Com\u00e9rcio&nbsp;<\/strong>de produtos essenciais<strong>: da 0h \u00e0s 23h59<\/strong><\/li><li><strong>Ind\u00fastria e servi\u00e7os:&nbsp;<\/strong>das&nbsp;<strong>9h \u00e0s 17h<\/strong><\/li><li><strong>Com\u00e9rcio varejista<\/strong>, exceto shoppings:<strong>&nbsp;11h \u00e0s 19h<\/strong><\/li><li><strong>Constru\u00e7\u00e3o civil: 7h \u00e0s 15h<\/strong><\/li><\/ul>\n\n\n\n<h2 class=\"wp-block-heading\">Achatamento da curva<\/h2>\n\n\n\n<p>Para a elabora\u00e7\u00e3o do decreto, o governo diz que levou em considera\u00e7\u00e3o os dados epidemiol\u00f3gicos da Secretaria de Estado de Sa\u00fade, como a<strong>&nbsp;redu\u00e7\u00e3o do n\u00famero di\u00e1rio de \u00f3bitos e das interna\u00e7\u00f5es&nbsp;<\/strong>por S\u00edndrome Respirat\u00f3ria Aguda Grave (SRAG).<\/p>\n\n\n\n<p>Segundo o governo, no final de abril, mais de 1,5 mil pessoas aguardavam por leitos de enfermaria e UTI no estado. Atualmente, esse n\u00famero caiu para pouco mais de 100, com tempo de espera de regula\u00e7\u00e3o de cerca de 2 dias.<\/p>\n\n\n\n<p>&#8220;Outro dado importante \u00e9 a redu\u00e7\u00e3o de n\u00fameros de casos da Covid-19 por data de in\u00edcio de sintomas. Somente no dia 1\u00ba de maio, foram registrados 2.042 pacientes com coronav\u00edrus, marca que \u00e9 o pico desde o in\u00edcio da pandemia. No dia 31 de maio, foram apenas 86 casos. J\u00e1 para \u00f3bitos, o pico aconteceu no dia 4 de maio, com 172 \u00f3bitos ocorridos nessa data. No fim de maio, tamb\u00e9m no dia 31, foram 39. Tamb\u00e9m em queda, a taxa de incid\u00eancia de casos no estado terminou o \u00faltimo m\u00eas com 109 casos para cada 100 mil habitantes&#8221;, diz a nota do governo.<\/p>\n\n\n\n<p>&#8220;Os dados fazem parte do Boletim Epidemiol\u00f3gico, que foi lan\u00e7ado pela Secretaria de Estado de Sa\u00fade nesta sexta-feira (05\/06) e que pode ser consultado atrav\u00e9s do site www.saude.rj.gov.br. O boletim, que ser\u00e1 atualizado periodicamente, apresenta ainda, pela primeira vez, o perfil dos pacientes mais acometidos pela doen\u00e7a. Os \u00f3bitos, por exemplo, em sua maioria, s\u00e3o de homens (57,17%) com idades entre 60 e 79 anos, sobretudo em pessoas com comorbidades como cardiopatia, hipertens\u00e3o arterial e diabetes, asma, obesidade e pacientes imunodeprimidos&#8221;, acrescenta a nota.<\/p>\n\n\n\n<h2 class=\"wp-block-heading\">Transportes<\/h2>\n\n\n\n<p>O Governo do Estado tamb\u00e9m tamb\u00e9m determinou nesta sexta-feira o retorno gradual do transporte intermunicipal de passageiros a partir deste s\u00e1bado (6).<\/p>\n\n\n\n<p>O transporte intermunicipal coletivo estava interrompido desde o\u00a0in\u00edcio das medidas de isolamento\u00a0social em mar\u00e7o. Segundo o poder executivo do estado, medida &#8220;visa atender \u00e0s demandas sociais e econ\u00f4micas, tendo em vista a flexibiliza\u00e7\u00e3o progressiva do isolamento social adotada por diversos munic\u00edpios&#8221;.<\/p>\n\n\n\n<p>O\u00a0<strong>RJ1<\/strong>\u00a0mostrou que\u00a0trabalhadores reclamavam\u00a0da falta de transporte p\u00fablico para chegar em seus locais de trabalho, na capital do estado.<\/p>\n\n\n\n<p>A partir de s\u00e1bado, ser\u00e1 retomada a opera\u00e7\u00e3o das linhas rodovi\u00e1rias e vans intermunicipais, com exce\u00e7\u00e3o dos munic\u00edpios de Barra Mansa, Pinheiral e Volta Redonda. Nessas cidades, permanece restrita a circula\u00e7\u00e3o de \u00f4nibus intermunicipal, \u00f4nibus fretado e vans nas conex\u00f5es com outras cidades. O transporte coletivo entre os tr\u00eas munic\u00edpios est\u00e1 mantido.<\/p>\n\n\n\n<p>Dever\u00e3o operar com ocupa\u00e7\u00e3o limitada ao n\u00famero de assentos do ve\u00edculo as seguintes linhas: que fazem a liga\u00e7\u00e3o entre os munic\u00edpios da Regi\u00e3o Metropolitana; entre os munic\u00edpios do interior do estado; e as de transporte complementar, em qualquer regi\u00e3o. De acordo com o decreto, fica vedado o transporte de passageiros em p\u00e9.<\/p>\n\n\n\n<p>J\u00e1 as linhas que fazem a liga\u00e7\u00e3o entre a Regi\u00e3o Metropolitana e o interior dever\u00e3o operar com at\u00e9 50% dos assentos ocupados, nos ve\u00edculos tipo Rodovi\u00e1rio, e apenas com passageiros sentados, no caso dos ve\u00edculos tipo Urbano. A fiscaliza\u00e7\u00e3o do cumprimento dessas medidas ser\u00e1 realizada pelo Detro, com aux\u00edlio das For\u00e7as Policiais.<\/p>\n\n\n\n<h2 class=\"wp-block-heading\">Metr\u00f4, trem e barca<\/h2>\n\n\n\n<p>Tamb\u00e9m a partir do pr\u00f3ximo s\u00e1bado, fica suspenso o controle de acesso de passageiros em todas as esta\u00e7\u00f5es.<\/p>\n\n\n\n<p>No metr\u00f4 e no trem, a disponibilidade de lugares ficar\u00e1 restrita a, no m\u00e1ximo, 50% da capacidade de lota\u00e7\u00e3o. No sistema ferrovi\u00e1rio, a opera\u00e7\u00e3o do ramal Guapimirim seguir\u00e1 suspensa.<\/p>\n\n\n\n<p>No caso das barcas, as viagens ser\u00e3o realizadas com o quantitativo de passageiros equivalente ao n\u00famero de assentos existentes na embarca\u00e7\u00e3o utilizada. Ou seja, o decreto pro\u00edbe a viagem de passageiros em p\u00e9.<\/p>\n\n\n\n<p>As esta\u00e7\u00f5es Charitas e Cocot\u00e1 permanecer\u00e3o temporariamente fechadas.<\/p>\n\n\n\n<p>A opera\u00e7\u00e3o da linha Arariboia ter\u00e1 intervalos de, no m\u00ednimo, 30 minutos no hor\u00e1rio de pico (das 5h30 \u00e0s 9h e das 16h \u00e0s 18h) dos dias \u00fateis. Os intervalos ser\u00e3o de 1 hora nas viagens fora dos hor\u00e1rios de pico dos dias \u00fateis e aos s\u00e1bados, domingos e feriados. J\u00e1 a linha de Paquet\u00e1 continuar\u00e1 operando com intervalos de at\u00e9 3 horas, em qualquer dia e per\u00edodo.<\/p>\n\n\n\n<p>O Governo do RJ orienta que, havendo possibilidade e seguran\u00e7a, todos os meios de transportes dever\u00e3o circular com janelas destravadas e abertas. O objetivo \u00e9 proporcionar plena circula\u00e7\u00e3o de ar, nos \u00f4nibus, barcas, trens e no transporte complementar.<\/p>\n\n\n\n<h2 class=\"wp-block-heading\">Uso de m\u00e1scara<\/h2>\n\n\n\n<p>A utiliza\u00e7\u00e3o de m\u00e1scaras de prote\u00e7\u00e3o respirat\u00f3rias tamb\u00e9m ser\u00e1 obrigat\u00f3ria nos transportes coletivo e individual.<\/p>\n\n\n\n<p>O poder executivo tamb\u00e9m determinou que as concession\u00e1rias dever\u00e3o disponibilizar \u00e1lcool em gel 70% ou um produto higienizador com efic\u00e1cia semelhante em todas as esta\u00e7\u00f5es de trem, metr\u00f4 e barcas, assim como nos \u00f4nibus urbanos e rodovi\u00e1rios do estado.<\/p>\n\n\n\n<figure class=\"wp-block-image\"><img decoding=\"async\" data-src=\"https:\/\/s04.video.glbimg.com\/x240\/8605435.jpg\" alt=\"Oferta de transporte n\u00e3o acompanha processo de reabertura no Rio\" title=\"Oferta de transporte n\u00e3o acompanha processo de reabertura no Rio\" src=\"data:image\/svg+xml;base64,PHN2ZyB3aWR0aD0iMSIgaGVpZ2h0PSIxIiB4bWxucz0iaHR0cDovL3d3dy53My5vcmcvMjAwMC9zdmciPjwvc3ZnPg==\" class=\"lazyload\" \/><\/figure>\n\n\n\n<p>&#8211;:&#8211;\/&#8211;:&#8211;<\/p>\n\n\n\n<p>Oferta de transporte n\u00e3o acompanha processo de reabertura no Rio<\/p>\n\n\n\n<h2 class=\"wp-block-heading\">Deslocamentos dif\u00edceis<\/h2>\n\n\n\n<p>Antes do novo decreto do governo entrar em vigor, o RJ1 mostrou, nesta sexta-feira, que muitos trabalhadores reclamavam da&nbsp;<a href=\"https:\/\/g1.globo.com\/rj\/rio-de-janeiro\/noticia\/2020\/06\/05\/apos-flexibilizacao-trabalhadores-que-moram-distante-sofrem-com-falta-de-transporte-para-chegar-ao-emprego-no-rio.ghtml\">falta de op\u00e7\u00f5es<\/a>&nbsp;de transporte para chegar ao Rio.<\/p>\n\n\n\n<blockquote class=\"wp-block-quote is-layout-flow wp-block-quote-is-layout-flow\"><p>&#8220;Um certo transtorno, n\u00e9? Porque um trajeto que eu levaria bem menos tempo, hoje fica bem mais longo, tem que sair mais cedo&#8221;, disse Nascimento, que mora em S\u00e3o Jo\u00e3o de Meriti, na Baixada Fluminense.<\/p><\/blockquote>\n\n\n\n<h2 class=\"wp-block-heading\">O que diz a Fetranspor<\/h2>\n\n\n\n<p>Em nota, a Federa\u00e7\u00e3o das Empresas de Transportes de Passageiros do Estado do Rio de Janeiro (Fetranspor) informou que as empresas que operam linhas intermunicipais com destino \u00e0 cidade do Rio de Janeiro est\u00e3o prontas para a retomada das opera\u00e7\u00f5es.<\/p>\n\n\n\n<p>&#8220;Os protocolos de sa\u00fade est\u00e3o sendo seguidos \u00e0 risca, para garantir maior seguran\u00e7a dos passageiros, com a distribui\u00e7\u00e3o de equipamentos de prote\u00e7\u00e3o individual aos colaboradores e a higieniza\u00e7\u00e3o di\u00e1ria da frota de \u00f4nibus, de acordo com todas as especifica\u00e7\u00f5es t\u00e9cnicas&#8221;, dizia a nota.<\/p>\n\n\n\n<p>Segundo a federa\u00e7\u00e3o, as condi\u00e7\u00f5es de sa\u00fade de motoristas e outros trabalhadores ser\u00e3o acompanhadas diariamente. Equipamentos de higiene e prote\u00e7\u00e3o est\u00e3o sendo distribu\u00eddos para os funcion\u00e1rios.<\/p>\n\n\n\n<p>A Fetranspor admitiu tamb\u00e9m que &#8220;problemas pontuais&#8221; podem acontecer na primeira semana de retomada.<\/p>\n","protected":false},"excerpt":{"rendered":"<p>Witzel autorizou a reabertura de shoppings; decreto de Crivella s\u00f3 permite na fase 2, prevista para o dia 17 \u2014 Foto: Marco Serra Lima\/ G1&hellip; <\/p>\n","protected":false},"author":1,"featured_media":173138,"comment_status":"closed","ping_status":"closed","sticky":false,"template":"","format":"standard","meta":{"sfsi_plus_gutenberg_text_before_share":"","sfsi_plus_gutenberg_show_text_before_share":"","sfsi_plus_gutenberg_icon_type":"","sfsi_plus_gutenberg_icon_alignemt":"","sfsi_plus_gutenburg_max_per_row":"","footnotes":""},"categories":[50],"tags":[],"class_list":["post-173137","post","type-post","status-publish","format-standard","has-post-thumbnail","hentry","category-destaque"],"_links":{"self":[{"href":"https:\/\/www.caririemacao.com\/1\/wp-json\/wp\/v2\/posts\/173137","targetHints":{"allow":["GET"]}}],"collection":[{"href":"https:\/\/www.caririemacao.com\/1\/wp-json\/wp\/v2\/posts"}],"about":[{"href":"https:\/\/www.caririemacao.com\/1\/wp-json\/wp\/v2\/types\/post"}],"author":[{"embeddable":true,"href":"https:\/\/www.caririemacao.com\/1\/wp-json\/wp\/v2\/users\/1"}],"replies":[{"embeddable":true,"href":"https:\/\/www.caririemacao.com\/1\/wp-json\/wp\/v2\/comments?post=173137"}],"version-history":[{"count":1,"href":"https:\/\/www.caririemacao.com\/1\/wp-json\/wp\/v2\/posts\/173137\/revisions"}],"predecessor-version":[{"id":173139,"href":"https:\/\/www.caririemacao.com\/1\/wp-json\/wp\/v2\/posts\/173137\/revisions\/173139"}],"wp:featuredmedia":[{"embeddable":true,"href":"https:\/\/www.caririemacao.com\/1\/wp-json\/wp\/v2\/media\/173138"}],"wp:attachment":[{"href":"https:\/\/www.caririemacao.com\/1\/wp-json\/wp\/v2\/media?parent=173137"}],"wp:term":[{"taxonomy":"category","embeddable":true,"href":"https:\/\/www.caririemacao.com\/1\/wp-json\/wp\/v2\/categories?post=173137"},{"taxonomy":"post_tag","embeddable":true,"href":"https:\/\/www.caririemacao.com\/1\/wp-json\/wp\/v2\/tags?post=173137"}],"curies":[{"name":"wp","href":"https:\/\/api.w.org\/{rel}","templated":true}]}}