{"id":173140,"date":"2020-06-06T05:36:00","date_gmt":"2020-06-06T08:36:00","guid":{"rendered":"https:\/\/www.caririemacao.com\/1\/?p=173140"},"modified":"2020-06-06T05:36:00","modified_gmt":"2020-06-06T08:36:00","slug":"acabou-materia-do-jornal-nacional-diz-bolsonaro-sobre-atraso-de-dados","status":"publish","type":"post","link":"https:\/\/www.caririemacao.com\/1\/2020\/06\/06\/acabou-materia-do-jornal-nacional-diz-bolsonaro-sobre-atraso-de-dados\/","title":{"rendered":"&#8216;Acabou mat\u00e9ria do Jornal Nacional&#8217;, diz Bolsonaro sobre atraso de dados"},"content":{"rendered":"\n<p>O presidente\u00a0Jair Bolsonaro\u00a0foi questionado nesta sexta-feira (5) por jornalistas sobre os atrasos na divulga\u00e7\u00e3o de dados sobre a pandemia do novo coronav\u00edrus.<\/p>\n\n\n\n<p>Sem que ningu\u00e9m fizesse qualquer men\u00e7\u00e3o a nenhum \u00f3rg\u00e3o de imprensa espec\u00edfico, o presidente disse: &#8220;Acabou mat\u00e9ria do Jornal Nacional&#8221;.<\/p>\n\n\n\n<p>Depois, o presidente alegou que o atraso se devia \u00e0 necessidade de pegar os dados mais consolidados, mas n\u00e3o explicou por que, por mais de 70 dias, foi poss\u00edvel consolidar os dados mais cedo. E nem por que os n\u00fameros que s\u00e3o divulgados \u00e0s 22h constam de uma planilha que atualiza dados at\u00e9 as 19h.<\/p>\n\n\n\n<p>Em seguida, como faz habitualmente, Jair Bolsonaro criticou o jornalismo da Globo e acrescentou: &#8220;Ningu\u00e9m tem que correr para atender a Globo&#8221;.<\/p>\n\n\n\n<p>Sobre a declara\u00e7\u00e3o, a Globo divulgou a seguinte nota:<\/p>\n\n\n\n<p>&#8220;O p\u00fablico saber\u00e1 julgar se o governo agia certo antes ou se age certo agora. Saber\u00e1 se age por motiva\u00e7\u00e3o t\u00e9cnica, como alega, ou se age movido por prop\u00f3sitos que n\u00e3o pode confessar mais claramente. Os espectadores da Globo podem ter certeza de uma coisa: ser\u00e3o informados sobre os n\u00fameros t\u00e3o logo sejam anunciados porque o jornalismo da Globo corre sempre para atender o seu p\u00fablico&#8221;.<\/p>\n\n\n\n<h2 class=\"wp-block-heading\">Dados das \u00faltimas 24 horas<\/h2>\n\n\n\n<p>Bolsonaro tamb\u00e9m defendeu excluir do balan\u00e7o di\u00e1rio sobre os dados do coronav\u00edrus no Brasil os n\u00fameros de pessoas que morreram em dias anteriores.<\/p>\n\n\n\n<p>O balan\u00e7o diviulgado atualmente pelo&nbsp;<a href=\"https:\/\/g1.globo.com\/tudo-sobre\/ministerio-da-saude\/\">Minist\u00e9rio da Sa\u00fade<\/a>&nbsp;inclui os dados das \u00faltimas 24 horas e os n\u00fameros acumulados.<\/p>\n\n\n\n<p>&#8220;Ontem [quinta-feira], praticamente dois ter\u00e7os dos mortos eram de dias anteriores. Tem que divulgar o [n\u00famero] do dia. O resto, consolida para tr\u00e1s&#8221;, afirmou o presidente.<\/p>\n\n\n\n<p>Bolsonaro n\u00e3o explicou, contudo, como os \u00f3bitos dos dias anteriores devem ser computados pelo Minist\u00e9rio da Sa\u00fade.<\/p>\n\n\n\n<p>Em rela\u00e7\u00e3o \u00e0 altera\u00e7\u00e3o no hor\u00e1rio de divulga\u00e7\u00e3o dos boletins, Bolsonaro afirmou que &#8220;\u00e9 para pegar o dado mais consolidado&#8221;.<\/p>\n\n\n\n<p>Inicialmente, o boletim era divulgado \u00e0s 17h. Depois, passou a ser apresentado \u00e0s 19h. Nos \u00faltimos dias, a divulga\u00e7\u00e3o s\u00f3 tem sido feita \u00e0s 22h.<\/p>\n\n\n\n<p>Nesta sexta, o ministro Bruno Dantas, do Tribunal de Contas da Uni\u00e3o, disse que &#8220;cogita propor&#8221; ao TCU e aos tribunais de contas estaduais que sejam requisitados e consolidados os dados estaduais para divulga\u00e7\u00e3o di\u00e1ria dos dados at\u00e9 as 18h.<\/p>\n\n\n\n<h2 class=\"wp-block-heading\">Mortes por milh\u00f5es de habitantes<\/h2>\n\n\n\n<p>Bolsonaro tamb\u00e9m disse que falta seriedade na apresenta\u00e7\u00e3o dos n\u00fameros de mortos feita pela imprensa.<\/p>\n\n\n\n<p>\u201cParece que esse pessoal que faz&#8230; o Globo, Jornal Nacional gosta de dizer que o Brasil \u00e9 recordista em mortes. Agora, falta inclusive seriedade. Bote mortes por milh\u00f5es de habitantes. Nem isso faz. \u00c9 a mesma coisa que querer comparar mortes no Brasil que tem 210 milh\u00f5es de habitantes com pa\u00edses que tem 10 milh\u00f5es\u201d, disse Bolsonaro.<\/p>\n\n\n\n<p>Pela an\u00e1lise do n\u00famero de mortes por milh\u00f5es de habitantes, o Brasil tamb\u00e9m figura entre os pa\u00edses com maiores \u00edndices de mortes.<\/p>\n\n\n\n<p>Veja a seguir:<\/p>\n\n\n\n<ul class=\"wp-block-list\"><li>Reino Unido: 598,7 mortes por milh\u00e3o de habitantes;<\/li><li>Espanha: 578,03 mortes por milh\u00e3o de habitantes;<\/li><li>It\u00e1lia: 558,13 mortes por milh\u00e3o de habitantes;<\/li><li>Fran\u00e7a: 433 mortes por milh\u00e3o de habitantes;<\/li><li>Estados Unidos: 325,64 mortes por milh\u00e3o de habitantes;<\/li><li>Brasil: 153,88 mortes por milh\u00e3o de habitantes.<\/li><\/ul>\n\n\n\n<h2 class=\"wp-block-heading\">OMS<\/h2>\n\n\n\n<p>Na mesma entrevista, concedida em frente ao Pal\u00e1cio da Alvorada, Bolsonaro fez cr\u00edticas \u00e0 Organiza\u00e7\u00e3o Mundial da Sa\u00fade (OMS).<\/p>\n\n\n\n<p>\u201cO Trump [presidente dos Estados Unidos] cortou a grana deles, voltaram atr\u00e1s em tudo. E adianto aqui: os Estados Unidos sa\u00edram da OMS. A gente estuda no futuro \u2013 ou a OMS trabalha sem o vi\u00e9s ideol\u00f3gico \u2013 ou n\u00f3s vamos estar fora tamb\u00e9m. N\u00e3o precisamos de gente de fora dar palpite na sa\u00fade aqui dentro\u201d, disse o presidente.<\/p>\n\n\n\n<p>Na sequ\u00eancia, Bolsonaro foi questionado se pretende fazer com que o Brasil deixe a OMS. Ele afirmou:<\/p>\n\n\n\n<p>\u201c\u00c9 o seguinte: ou a OMS realmente deixa de ser uma organiza\u00e7\u00e3o pol\u00edtica, partid\u00e1ria, assim, vamos dizer, at\u00e9 partid\u00e1ria, ou n\u00f3s estudamos sair de l\u00e1\u201d, frisou.<\/p>\n","protected":false},"excerpt":{"rendered":"<p>O presidente\u00a0Jair Bolsonaro\u00a0foi questionado nesta sexta-feira (5) por jornalistas sobre os atrasos na divulga\u00e7\u00e3o de dados sobre a pandemia do novo coronav\u00edrus. Sem que ningu\u00e9m&hellip; <\/p>\n","protected":false},"author":1,"featured_media":172223,"comment_status":"closed","ping_status":"closed","sticky":false,"template":"","format":"standard","meta":{"sfsi_plus_gutenberg_text_before_share":"","sfsi_plus_gutenberg_show_text_before_share":"","sfsi_plus_gutenberg_icon_type":"","sfsi_plus_gutenberg_icon_alignemt":"","sfsi_plus_gutenburg_max_per_row":"","footnotes":""},"categories":[2],"tags":[],"class_list":["post-173140","post","type-post","status-publish","format-standard","has-post-thumbnail","hentry","category-geral"],"_links":{"self":[{"href":"https:\/\/www.caririemacao.com\/1\/wp-json\/wp\/v2\/posts\/173140","targetHints":{"allow":["GET"]}}],"collection":[{"href":"https:\/\/www.caririemacao.com\/1\/wp-json\/wp\/v2\/posts"}],"about":[{"href":"https:\/\/www.caririemacao.com\/1\/wp-json\/wp\/v2\/types\/post"}],"author":[{"embeddable":true,"href":"https:\/\/www.caririemacao.com\/1\/wp-json\/wp\/v2\/users\/1"}],"replies":[{"embeddable":true,"href":"https:\/\/www.caririemacao.com\/1\/wp-json\/wp\/v2\/comments?post=173140"}],"version-history":[{"count":1,"href":"https:\/\/www.caririemacao.com\/1\/wp-json\/wp\/v2\/posts\/173140\/revisions"}],"predecessor-version":[{"id":173141,"href":"https:\/\/www.caririemacao.com\/1\/wp-json\/wp\/v2\/posts\/173140\/revisions\/173141"}],"wp:featuredmedia":[{"embeddable":true,"href":"https:\/\/www.caririemacao.com\/1\/wp-json\/wp\/v2\/media\/172223"}],"wp:attachment":[{"href":"https:\/\/www.caririemacao.com\/1\/wp-json\/wp\/v2\/media?parent=173140"}],"wp:term":[{"taxonomy":"category","embeddable":true,"href":"https:\/\/www.caririemacao.com\/1\/wp-json\/wp\/v2\/categories?post=173140"},{"taxonomy":"post_tag","embeddable":true,"href":"https:\/\/www.caririemacao.com\/1\/wp-json\/wp\/v2\/tags?post=173140"}],"curies":[{"name":"wp","href":"https:\/\/api.w.org\/{rel}","templated":true}]}}