{"id":173165,"date":"2020-06-06T18:52:01","date_gmt":"2020-06-06T21:52:01","guid":{"rendered":"https:\/\/www.caririemacao.com\/1\/?p=173165"},"modified":"2020-06-06T21:57:23","modified_gmt":"2020-06-07T00:57:23","slug":"durante-entrevista-prefeito-eden-fala-sobre-obras-gestao-e-eleicoes","status":"publish","type":"post","link":"https:\/\/www.caririemacao.com\/1\/2020\/06\/06\/durante-entrevista-prefeito-eden-fala-sobre-obras-gestao-e-eleicoes\/","title":{"rendered":"Durante entrevista, prefeito \u00c9den fala sobre obras, gest\u00e3o e elei\u00e7\u00f5es"},"content":{"rendered":"\n<p>O prefeito da cidade de Sum\u00e9, \u00c9den Duarte, participou na manh\u00e3 deste s\u00e1bado (06) do Programa Cariri em A\u00e7\u00e3o, o qual tem sido refer\u00eancia nas cidades do Cariri Paraibano. <\/p>\n\n\n\n<p>O programa apresentado pelo radialista Marivaldo Alc\u00e2ntara foi retransmitido na R\u00e1dio Cidade de Sum\u00e9 e nas redes sociais do Cariri em A\u00e7\u00e3o.<\/p>\n\n\n\n<p><br>Na oportunidade, o prefeito comentou sobre as a\u00e7\u00f5es que est\u00e3o sendo desenvolvidas no munic\u00edpio em combate ao novo coronav\u00edrus, e sobre as obras que j\u00e1 foram conclu\u00eddas durante a sua gest\u00e3o. <\/p>\n\n\n\n<p>Ele tamb\u00e9m falou sobre as obras que est\u00e3o sendo executadas, mesmo diante da pandemia em que vive o pa\u00eds.<\/p>\n\n\n\n<p>O prefeito ainda comentou sobre obras que estavam em andamento e que foram conclu\u00eddas na sua gest\u00e3o: pavimenta\u00e7\u00e3o, esgotamento sanit\u00e1rio, creche, Unidades B\u00e1sicas de Sa\u00fade, pra\u00e7as, centro de eventos, Shopping Sum\u00e9 b\u00e1sicas de sa\u00fade, passagens molhadas, abastecimento d&#8217;\u00e1gua, entre outras obras realizadas no munic\u00edpio. <\/p>\n\n\n\n<p>Ele destacou a realiza\u00e7\u00e3o do Or\u00e7amento Democr\u00e1tico Municipal, considerado um marco de su gest\u00e3o.<\/p>\n\n\n\n<p>Em rela\u00e7\u00e3o as elei\u00e7\u00f5es desse ano, \u00c9den ratificou sua pr\u00e9-candidatura a reelei\u00e7\u00e3o e sua inten\u00e7\u00e3o de continuar trabalhando por Sum\u00e9. Em rela\u00e7\u00e3o as ades\u00f5es ao seu projeto pol\u00edtico, ele enfatizou o apoio dos vereadores, do ex-prefeito De. Neto, e outras lideran\u00e7as que declararam apoio. Ele atribuiu ao trabalho s\u00e9rio desenvolvido por uma equipe comprometida em fazer o melhor para os cidad\u00e3os sumeenses.<\/p>\n\n\n\n<p>Para assistir o v\u00eddeo da entrevista do prefeito \u00c9den Duarte e outras entrevistas, \u00e9 s\u00f3 seguir nossa pagina no Facebook, Cariri em A\u00e7\u00e3o. <\/p>\n\n\n\n<figure class=\"wp-block-embed-facebook wp-block-embed is-type-video is-provider-facebook\"><div class=\"wp-block-embed__wrapper\">\n<div class=\"ose- ose-uid-ee260b2af6296d94909d087d89cc0f33 ose-embedpress-responsive\" style=\"width:600px; height:550px; max-height:550px; max-width:100%; display:inline-block;\" data-embed-type=\"Facebook\"><iframe allowFullScreen=\"true\" class=\"embera-facebook-iframe-ee260 lazyload\" data-src=\"https:\/\/www.facebook.com\/plugins\/post.php?href=https%3A%2F%2Fwww.facebook.com%2FCaririEmAcao%2Fvideos%2F1852325284910275%2F&width=600&height=550&show_text=true\" width=\"600\" height=\"550\" style=\"border:none;overflow:hidden\" scrolling=\"no\" frameborder=\"0\" allowTransparency=\"true\" src=\"data:image\/svg+xml;base64,PHN2ZyB3aWR0aD0iMSIgaGVpZ2h0PSIxIiB4bWxucz0iaHR0cDovL3d3dy53My5vcmcvMjAwMC9zdmciPjwvc3ZnPg==\" data-load-mode=\"1\"><\/iframe><\/div>\n<\/div><\/figure>\n\n\n\n<p><\/p>\n","protected":false},"excerpt":{"rendered":"<p>O prefeito da cidade de Sum\u00e9, \u00c9den Duarte, participou na manh\u00e3 deste s\u00e1bado (06) do Programa Cariri em A\u00e7\u00e3o, o qual tem sido refer\u00eancia nas&hellip; <\/p>\n","protected":false},"author":1,"featured_media":173169,"comment_status":"closed","ping_status":"closed","sticky":false,"template":"","format":"standard","meta":{"sfsi_plus_gutenberg_text_before_share":"","sfsi_plus_gutenberg_show_text_before_share":"","sfsi_plus_gutenberg_icon_type":"","sfsi_plus_gutenberg_icon_alignemt":"","sfsi_plus_gutenburg_max_per_row":"","footnotes":""},"categories":[6,50],"tags":[],"class_list":["post-173165","post","type-post","status-publish","format-standard","has-post-thumbnail","hentry","category-cidades","category-destaque"],"_links":{"self":[{"href":"https:\/\/www.caririemacao.com\/1\/wp-json\/wp\/v2\/posts\/173165","targetHints":{"allow":["GET"]}}],"collection":[{"href":"https:\/\/www.caririemacao.com\/1\/wp-json\/wp\/v2\/posts"}],"about":[{"href":"https:\/\/www.caririemacao.com\/1\/wp-json\/wp\/v2\/types\/post"}],"author":[{"embeddable":true,"href":"https:\/\/www.caririemacao.com\/1\/wp-json\/wp\/v2\/users\/1"}],"replies":[{"embeddable":true,"href":"https:\/\/www.caririemacao.com\/1\/wp-json\/wp\/v2\/comments?post=173165"}],"version-history":[{"count":5,"href":"https:\/\/www.caririemacao.com\/1\/wp-json\/wp\/v2\/posts\/173165\/revisions"}],"predecessor-version":[{"id":173176,"href":"https:\/\/www.caririemacao.com\/1\/wp-json\/wp\/v2\/posts\/173165\/revisions\/173176"}],"wp:featuredmedia":[{"embeddable":true,"href":"https:\/\/www.caririemacao.com\/1\/wp-json\/wp\/v2\/media\/173169"}],"wp:attachment":[{"href":"https:\/\/www.caririemacao.com\/1\/wp-json\/wp\/v2\/media?parent=173165"}],"wp:term":[{"taxonomy":"category","embeddable":true,"href":"https:\/\/www.caririemacao.com\/1\/wp-json\/wp\/v2\/categories?post=173165"},{"taxonomy":"post_tag","embeddable":true,"href":"https:\/\/www.caririemacao.com\/1\/wp-json\/wp\/v2\/tags?post=173165"}],"curies":[{"name":"wp","href":"https:\/\/api.w.org\/{rel}","templated":true}]}}