{"id":173178,"date":"2020-06-07T07:50:49","date_gmt":"2020-06-07T10:50:49","guid":{"rendered":"https:\/\/www.caririemacao.com\/1\/?p=173178"},"modified":"2020-06-07T07:50:49","modified_gmt":"2020-06-07T10:50:49","slug":"atual-gestao-municipal-de-camalau-ja-investiu-quase-04-vezes-mais-em-beneficios-sociais-do-que-governo-de-aristeu-chaves-investimento-e-superior-em-quase-260-mil-reais","status":"publish","type":"post","link":"https:\/\/www.caririemacao.com\/1\/2020\/06\/07\/atual-gestao-municipal-de-camalau-ja-investiu-quase-04-vezes-mais-em-beneficios-sociais-do-que-governo-de-aristeu-chaves-investimento-e-superior-em-quase-260-mil-reais\/","title":{"rendered":"Atual gest\u00e3o municipal de Camala\u00fa j\u00e1 investiu quase 04 vezes mais em benef\u00edcios sociais do que governo de Aristeu Chaves. Investimento \u00e9 superior em quase 260 mil reais"},"content":{"rendered":"\n<p>Uma marca muito forte do governo encabe\u00e7ado pelo prefeito Sandro M\u00f4co, \u00e9 a proximidade com o povo, principalmente com o cidad\u00e3o mais humilde do munic\u00edpio de Camala\u00fa.<\/p>\n\n\n\n<p><br>As pessoas no atual governo conversam com o prefeito, e sentem o benef\u00edcio p\u00fablico chegando de forma concreta aos seus lares.<\/p>\n\n\n\n<p><br>Principalmente em um momento de crise, pelo qual passa o pa\u00eds, o governo municipal de Camala\u00fa se faz presente, ajudando aqueles que mais precisam, dando toda assist\u00eancia poss\u00edvel.<\/p>\n\n\n\n<p><br>Durante todo o governo, todas as a\u00e7\u00f5es foram direcionadas para ajudar os mais necessitados, e isto se reflete quando se consulta SAGRES do Tribunal de Contas do Estado da Para\u00edba, observa-se que, em atendimento e aten\u00e7\u00e3o \u00e0s pessoas mais carentes de Camala\u00fa, a gest\u00e3o do prefeito Sandro M\u00f4co tem feito muito, sobretudo comparada \u00e0 gest\u00f5es passadas.<\/p>\n\n\n\n<p><br>Chamam aten\u00e7\u00e3o os n\u00fameros, vez que durante os anos de 2005, 2006, 2007 e 2008 em que o pr\u00e9 candidato Aristeu Chaves administrava, foram concedidos durante os quatro anos juntos, o valor de R$ 94.253,64.<br>Destacando-se que durante os dois primeiros anos de mandato do ex prefeito, est\u00e3o inclusos no valor citado, as bolsas que eram pagas pelo governo federal \u00e0s fam\u00edlias que tinham crian\u00e7as e adolescentes frequentando o PETI e PROJOVEM.<\/p>\n\n\n\n<p><br>Enquanto em apenas um ano de gest\u00e3o tendo a frente o Prefeito Sandro M\u00f4co foram concedidos R$ 104.616,00 que em muito serviu para a popula\u00e7\u00e3o mais humilde camalauense.<\/p>\n\n\n\n<p><br>Al\u00e9m disso, durante o atual mandato, de 01 de janeiro de 2017 \u00e0 mar\u00e7o de 2020 foram concedidos importantes R$ 352.453,00 em benef\u00edcios eventuais ou ajudas financeiras como s\u00e3o popularmente conhecidas.<\/p>\n\n\n\n<p><br>Essa \u00e9 a marca e a diferen\u00e7a entre as gest\u00f5es, o Prefeito Sandro M\u00f4co, al\u00e9m de investir em obras e a\u00e7\u00f5es, tem cuidado e aten\u00e7\u00e3o especial as pessoas, especialmente aos mais carentes.<\/p>\n\n\n\n<p><\/p>\n\n\n\n<p>Fabio Brito<\/p>\n","protected":false},"excerpt":{"rendered":"<p>Uma marca muito forte do governo encabe\u00e7ado pelo prefeito Sandro M\u00f4co, \u00e9 a proximidade com o povo, principalmente com o cidad\u00e3o mais humilde do munic\u00edpio&hellip; <\/p>\n","protected":false},"author":2,"featured_media":159222,"comment_status":"closed","ping_status":"closed","sticky":false,"template":"","format":"standard","meta":{"sfsi_plus_gutenberg_text_before_share":"","sfsi_plus_gutenberg_show_text_before_share":"","sfsi_plus_gutenberg_icon_type":"","sfsi_plus_gutenberg_icon_alignemt":"","sfsi_plus_gutenburg_max_per_row":"","footnotes":""},"categories":[6,50],"tags":[],"class_list":["post-173178","post","type-post","status-publish","format-standard","has-post-thumbnail","hentry","category-cidades","category-destaque"],"_links":{"self":[{"href":"https:\/\/www.caririemacao.com\/1\/wp-json\/wp\/v2\/posts\/173178","targetHints":{"allow":["GET"]}}],"collection":[{"href":"https:\/\/www.caririemacao.com\/1\/wp-json\/wp\/v2\/posts"}],"about":[{"href":"https:\/\/www.caririemacao.com\/1\/wp-json\/wp\/v2\/types\/post"}],"author":[{"embeddable":true,"href":"https:\/\/www.caririemacao.com\/1\/wp-json\/wp\/v2\/users\/2"}],"replies":[{"embeddable":true,"href":"https:\/\/www.caririemacao.com\/1\/wp-json\/wp\/v2\/comments?post=173178"}],"version-history":[{"count":1,"href":"https:\/\/www.caririemacao.com\/1\/wp-json\/wp\/v2\/posts\/173178\/revisions"}],"predecessor-version":[{"id":173179,"href":"https:\/\/www.caririemacao.com\/1\/wp-json\/wp\/v2\/posts\/173178\/revisions\/173179"}],"wp:featuredmedia":[{"embeddable":true,"href":"https:\/\/www.caririemacao.com\/1\/wp-json\/wp\/v2\/media\/159222"}],"wp:attachment":[{"href":"https:\/\/www.caririemacao.com\/1\/wp-json\/wp\/v2\/media?parent=173178"}],"wp:term":[{"taxonomy":"category","embeddable":true,"href":"https:\/\/www.caririemacao.com\/1\/wp-json\/wp\/v2\/categories?post=173178"},{"taxonomy":"post_tag","embeddable":true,"href":"https:\/\/www.caririemacao.com\/1\/wp-json\/wp\/v2\/tags?post=173178"}],"curies":[{"name":"wp","href":"https:\/\/api.w.org\/{rel}","templated":true}]}}