{"id":173184,"date":"2020-06-07T07:55:04","date_gmt":"2020-06-07T10:55:04","guid":{"rendered":"https:\/\/www.caririemacao.com\/1\/?p=173184"},"modified":"2020-06-07T07:55:04","modified_gmt":"2020-06-07T10:55:04","slug":"inscricoes-para-o-concurso-publico-da-prefeitura-do-congo-sao-prorrogadas","status":"publish","type":"post","link":"https:\/\/www.caririemacao.com\/1\/2020\/06\/07\/inscricoes-para-o-concurso-publico-da-prefeitura-do-congo-sao-prorrogadas\/","title":{"rendered":"Inscri\u00e7\u00f5es para o concurso p\u00fablico da prefeitura do Congo s\u00e3o prorrogadas"},"content":{"rendered":"\n<p>Em virtude da pandemia do novo coronav\u00edrus, foram prorrogadas para at\u00e9 o dia 28 de junho as inscri\u00e7\u00f5es para o concurso da prefeitura de Congo, no Cariri paraibano. S\u00e3o oferecidas 56 vagas em cargos de todos os n\u00edveis de escolaridade com sal\u00e1rios que variam entre R$ 1.045 e R$ 4 mil mais R$ 8 mil de gratifica\u00e7\u00e3o.<\/p>\n\n\n\n<p>As inscri\u00e7\u00f5es devem ser feitas exclusivamente pela internet,&nbsp;no site da organizadora. As taxas de inscri\u00e7\u00e3o custam R$ 60 para cargos de n\u00edveis fundamental, R$ 75 para cargos de n\u00edveis m\u00e9dio e t\u00e9cnico e R$ 90 para cargos de n\u00edvel superior.<\/p>\n\n\n\n<p>De acordo com o edital, o cargo com maior sal\u00e1rio \u00e9 o de m\u00e9dico, que oferece uma vaga para pessoa com gradua\u00e7\u00e3o em medicina e registro no CRM. Os cargos com mais vagas dispon\u00edveis, com oito oportunidades cada, s\u00e3o os de auxiliar de servi\u00e7os gerais e motorista, ambos para pessoas com ensino fundamental completo. O cargo de motorista ainda exige CNH tipo B.<\/p>\n\n\n\n<p>Al\u00e9m destes cargos, tamb\u00e9m h\u00e1 vagas para assistente social, auxiliar de consult\u00f3rio odontol\u00f3gico, cuidador educaional, educador f\u00edsico, gari, monitor escolar, nutricionista, odont\u00f3logo (ESF e CEO), operador de m\u00e1quina, orientador educacional, professor (artes, ci\u00eancias, ensino fundamental s\u00e9ries iniciais, matem\u00e1tica, portugu\u00eas, religi\u00e3o, geografia e hist\u00f3ria), psic\u00f3logo, psicopedagogo, t\u00e9cnico em laborat\u00f3rio e vigilante.<\/p>\n\n\n\n<p>De acordo com o edital de retifica\u00e7\u00e3o, as provas que estavam previstas para acontecer no dia 28 de junho tamb\u00e9m foram prorrogadas e agora devem ser realizadas no dia 2 de agosto.<\/p>\n\n\n\n<p><em>G1 PB<\/em><\/p>\n","protected":false},"excerpt":{"rendered":"<p>Em virtude da pandemia do novo coronav\u00edrus, foram prorrogadas para at\u00e9 o dia 28 de junho as inscri\u00e7\u00f5es para o concurso da prefeitura de Congo,&hellip; <\/p>\n","protected":false},"author":2,"featured_media":92258,"comment_status":"closed","ping_status":"closed","sticky":false,"template":"","format":"standard","meta":{"sfsi_plus_gutenberg_text_before_share":"","sfsi_plus_gutenberg_show_text_before_share":"","sfsi_plus_gutenberg_icon_type":"","sfsi_plus_gutenberg_icon_alignemt":"","sfsi_plus_gutenburg_max_per_row":"","footnotes":""},"categories":[50,2],"tags":[],"class_list":["post-173184","post","type-post","status-publish","format-standard","has-post-thumbnail","hentry","category-destaque","category-geral"],"_links":{"self":[{"href":"https:\/\/www.caririemacao.com\/1\/wp-json\/wp\/v2\/posts\/173184","targetHints":{"allow":["GET"]}}],"collection":[{"href":"https:\/\/www.caririemacao.com\/1\/wp-json\/wp\/v2\/posts"}],"about":[{"href":"https:\/\/www.caririemacao.com\/1\/wp-json\/wp\/v2\/types\/post"}],"author":[{"embeddable":true,"href":"https:\/\/www.caririemacao.com\/1\/wp-json\/wp\/v2\/users\/2"}],"replies":[{"embeddable":true,"href":"https:\/\/www.caririemacao.com\/1\/wp-json\/wp\/v2\/comments?post=173184"}],"version-history":[{"count":1,"href":"https:\/\/www.caririemacao.com\/1\/wp-json\/wp\/v2\/posts\/173184\/revisions"}],"predecessor-version":[{"id":173185,"href":"https:\/\/www.caririemacao.com\/1\/wp-json\/wp\/v2\/posts\/173184\/revisions\/173185"}],"wp:featuredmedia":[{"embeddable":true,"href":"https:\/\/www.caririemacao.com\/1\/wp-json\/wp\/v2\/media\/92258"}],"wp:attachment":[{"href":"https:\/\/www.caririemacao.com\/1\/wp-json\/wp\/v2\/media?parent=173184"}],"wp:term":[{"taxonomy":"category","embeddable":true,"href":"https:\/\/www.caririemacao.com\/1\/wp-json\/wp\/v2\/categories?post=173184"},{"taxonomy":"post_tag","embeddable":true,"href":"https:\/\/www.caririemacao.com\/1\/wp-json\/wp\/v2\/tags?post=173184"}],"curies":[{"name":"wp","href":"https:\/\/api.w.org\/{rel}","templated":true}]}}