{"id":173187,"date":"2020-06-07T07:58:52","date_gmt":"2020-06-07T10:58:52","guid":{"rendered":"https:\/\/www.caririemacao.com\/1\/?p=173187"},"modified":"2020-06-07T07:58:52","modified_gmt":"2020-06-07T10:58:52","slug":"coronavirus-governo-da-paraiba-instala-cameras-termograficas-em-22-municipios-cidade-do-cariri-e-contemplada-com-equipamento","status":"publish","type":"post","link":"https:\/\/www.caririemacao.com\/1\/2020\/06\/07\/coronavirus-governo-da-paraiba-instala-cameras-termograficas-em-22-municipios-cidade-do-cariri-e-contemplada-com-equipamento\/","title":{"rendered":"Coronav\u00edrus: Governo da Para\u00edba instala c\u00e2meras termogr\u00e1ficas em 22 munic\u00edpios; cidade do Cariri \u00e9 contemplada com equipamento"},"content":{"rendered":"\n<p>Para o enfrentamento e a preven\u00e7\u00e3o da Covid-19, o Governo da Para\u00edba j\u00e1 est\u00e1 usando a tecnologia de alta precis\u00e3o para medir a temperatura corp\u00f3rea das pessoas em 22 munic\u00edpios do Estado, incluindo todas as regi\u00f5es. O objetivo \u00e9 medir a temperatura das pessoas, visando oferecer um ambiente de circula\u00e7\u00e3o mais seguro no combate tamb\u00e9m preventivo ao novo coronav\u00edrus como mais uma das a\u00e7\u00f5es estrat\u00e9gicas do Governo.<\/p>\n\n\n\n<p>As 12 c\u00e2meras termogr\u00e1ficas fixas j\u00e1 foram instaladas e est\u00e3o em pleno funcionamento nas reparti\u00e7\u00f5es p\u00fablicas enquanto as outras 10 c\u00e2meras m\u00f3veis entregues aos munic\u00edpios. As reparti\u00e7\u00f5es j\u00e1 est\u00e3o fazendo uso desses equipamentos para a leitura da temperatura de pele de 30 pessoas simultaneamente. As fixas foram instaladas em reparti\u00e7\u00f5es como hospitais, policl\u00ednicas, centro de distribui\u00e7\u00e3o de medicamentos e em cadeias p\u00fablicas. O equipamento tem tecnologia para emitir alertas em caso de pessoas com temperatura febril onde as c\u00e2meras foram instaladas.<\/p>\n\n\n\n<p><strong>Novo sistema traz moderniza\u00e7\u00e3o e amplitude \u2013&nbsp;<\/strong>A instala\u00e7\u00e3o das c\u00e2meras termogr\u00e1ficas em locais p\u00fablicos faz parte de um novo sistema de moderniza\u00e7\u00e3o do Governo da Para\u00edba nas \u00e1reas de seguran\u00e7a e fiscaliza\u00e7\u00e3o, por monitoramento de \u00e1reas p\u00fablicas de todo o Estado, via c\u00e2meras filmadoras (videomonitoramento), iniciado em abril deste ano. O projeto de moderniza\u00e7\u00e3o \u00e9 composto por 1.600 c\u00e2meras em 1.200 pontos pr\u00e9-definidos por crit\u00e9rio da seguran\u00e7a p\u00fablica. \u00c9 um projeto completo de moderniza\u00e7\u00e3o previsto para conclus\u00e3o em at\u00e9 36 meses, mas diante da urg\u00eancia e do contexto de pandemia da Covid-19 no Estado, houve a inclus\u00e3o de 22 c\u00e2meras fixas e m\u00f3veis termogr\u00e1ficas, de forma imediata.<\/p>\n\n\n\n<p>O Governo da Para\u00edba j\u00e1&nbsp; capacitou os servidores p\u00fablicos para o uso e monitoramento das c\u00e2meras de calor e das telas das 12 fixas, como tamb\u00e9m das 10 m\u00f3veis. Todos os equipamentos j\u00e1 foram entregues e instalados aos munic\u00edpios e est\u00e3o dispon\u00edveis para o pleno funcionamento.<\/p>\n\n\n\n<p>As c\u00e2meras fixas est\u00e3o instaladas em 12 munic\u00edpios: Jo\u00e3o Pessoa, Santa Rita, Bayeux, Cabedelo; Campina Grande, Santa Luzia, Patos, Sousa, Catol\u00e9 do Rocha, Pombal, Uira\u00fana e Cajazeiras. E c\u00e2meras m\u00f3veis entregues em outras 10 cidades.&nbsp;<em>(Veja o quadro abaixo com a lista completa dos 22 munic\u00edpios que receberam as c\u00e2meras termogr\u00e1ficas fixas e m\u00f3veis).<\/em><br>Al\u00e9m de c\u00e2meras termogr\u00e1ficas em pontos fixos p\u00fablicos do Estado, outras 10 c\u00e2meras m\u00f3veis port\u00e1teis completam esse projeto inicial do novo sistema de moderniza\u00e7\u00e3o de seguran\u00e7a do Estado. O modelo das c\u00e2meras port\u00e1teis \u00e9 a Handheld. Esse modelo \u00e9 projetado para detectar temperatura elevada com alta precis\u00e3o em tempo real de locais p\u00fablicos, mas tamb\u00e9m esses modelos emitem alertas em casos de suspeita de alta temperatura. A bateria \u00e9 capaz de suportar at\u00e9 8 horas de funcionamento cont\u00ednuo. J\u00e1 as c\u00e2meras fixas est\u00e3o distribu\u00eddas nas principais cidades da Para\u00edba e interligadas ao CIOP na Capital Jo\u00e3o Pessoa, via fibra \u00f3ptica, para armazenamento e monitoramento das imagens. A tecnologia termogr\u00e1fica \u00e9 da empresa Hikvision.<\/p>\n\n\n\n<p><strong>Uma tecnologia de ponta para isolar pessoas \u2013<\/strong>&nbsp;As c\u00e2meras termogr\u00e1ficas medem com precis\u00e3o as temperaturas que estejam na faixa deixa de 30\u00b0C a 45\u00b0C (graus Celsius). Gra\u00e7as \u00e0 alta precis\u00e3o de medi\u00e7\u00e3o, a c\u00e2mara pode ser usada para detectar pessoas em estado febril com elevada temperatura corporal ou de outras infec\u00e7\u00f5es que causam um aumento de temperatura. Um dos principais sintomas ou um dos mais comuns da Covid-19 \u00e9 o aumento da temperatura ou o estado febril. Esse tipo de solu\u00e7\u00e3o ser\u00e1 ideal para isolar essas pessoas com alta temperatura e que estejam se deslocando nesses espa\u00e7os p\u00fablicos e, assim, evitar a poss\u00edvel dissemina\u00e7\u00e3o do novo coronav\u00edrus.<\/p>\n\n\n\n<p><strong>At\u00e9 30 pessoas simultaneamente \u2013&nbsp;<\/strong>Uma das medidas preventivas recomendadas por protocolos seguidos pelo Estado \u00e9 medir a temperatura de um grande n\u00famero de pessoas num curto per\u00edodo de tempo e em espa\u00e7os de aglomera\u00e7\u00e3o, como, por exemplo, reparti\u00e7\u00f5es p\u00fablicas, aeroportos, escolas, hospitais, empresas, lojas, pris\u00f5es, shoppings, etc.. Assim que as pessoas passam pelo raio das c\u00e2meras, elas fazem uma procura automaticamente por v\u00e1rias \u00e1reas do corpo das pessoas e medem a temperatura em fra\u00e7\u00e3o de segundos de at\u00e9 30 pessoas simultaneamente.<\/p>\n\n\n\n<p><strong>Avaliando por v\u00eddeos de dia e noite<\/strong>&nbsp;<strong>\u2013&nbsp;<\/strong>Enfim, as c\u00e2meras de imagem t\u00e9rmica ou de calor ser\u00e3o mais um complemento tecnol\u00f3gico ideal na preven\u00e7\u00e3o da Covid-19 no Estado da Para\u00edba tanto para a monitoriza\u00e7\u00e3o visual na luz vis\u00edvel, que \u00e9 refletida e na radia\u00e7\u00e3o infravermelha pr\u00f3xima, mas, sobretudo, no isolamento instant\u00e2neo de pessoas suspeitas. Os avaliadores far\u00e3o monitoramento por telas anal\u00f3gicas ou IP para saber identificar o reconhecimento correto das pessoas febris, tanto durante o dia como a noite, com o uso de iluminadores infravermelhos. A temperatura \u00e9 identificada nas telas do monitor de forma individual.<\/p>\n\n\n\n<p>Para celebrar o novo sistema de moderniza\u00e7\u00e3o por v\u00eddeomonitoramento, o Governo do Estado da Para\u00edba celebrou um \u201cTermo de acordo de benef\u00edcio fiscal\u201d com base em conv\u00eanio autorizado pelo Confaz.<\/p>\n\n\n\n<p><strong>VEJA A LISTA COMPLETA DAS CIDADES E LOCAIS DE INSTALA\u00c7\u00c3O DAS C\u00c2MERAS<\/strong><\/p>\n\n\n\n<figure class=\"wp-block-table\"><table><tbody><tr><td><strong>CIDADES COM<\/strong><br><strong>TERMOGR\u00c1FICAS<\/strong><\/td><td><strong>LOCAIS INSTALADOS<\/strong><\/td><\/tr><tr><td><strong>JO\u00c3O PESSOA (fixa)<\/strong><\/td><td>CEDMEX<\/td><\/tr><tr><td><strong>SANTA RITA<\/strong><\/td><td>CEDMEX<\/td><\/tr><tr><td><strong>BAYEUX (fixa)<\/strong><\/td><td>CADEIA P\u00daBLICA DE BAYEUX<\/td><\/tr><tr><td><strong>CABEDELO (fixa)<\/strong><\/td><td>HOSPITAL E MATERNIDADE MUNICIPAL PE ALFREDO BARBOSA<\/td><\/tr><tr><td><strong>CATOL\u00c9 DO ROCHA (fixa)<\/strong><\/td><td>CEDMEX<\/td><\/tr><tr><td><strong>POMBAL (fixa)<\/strong><\/td><td>CEDMEX\/HOSPITAL REGIONAL SEN.RUY CARNEIRO<\/td><\/tr><tr><td><strong>CAMPINA GRANDE (fixa)<\/strong><\/td><td>CEDMEX<\/td><\/tr><tr><td><strong>SANTA LUZIA (fixa)<\/strong><\/td><td>HOSPITAL E MATERNIDADE DE SANTA LUZIA<\/td><\/tr><tr><td><strong>UIRA\u00daNA (fixa)&nbsp;<\/strong><\/td><td>HOSPITAL MENINO JESUS<\/td><\/tr><tr><td><strong>PATOS (fixa)<\/strong><\/td><td>CEDMEX<\/td><\/tr><tr><td><strong>SOUSA (fixa)<\/strong><\/td><td>CEDMEX<\/td><\/tr><tr><td><strong>CAJAZEIRAS (fixa)<\/strong><\/td><td>CEDMEX<\/td><\/tr><tr><td><strong>BA\u00cdA DA TRAI\u00c7\u00c3O (m\u00f3vel)<\/strong><\/td><td>UBS DR ANT\u00d4NIO PALITOT<\/td><\/tr><tr><td><strong>MAMANGUAPE&nbsp;&nbsp;(m\u00f3vel)<\/strong><\/td><td>HOSPITAL GERAL DE MAMANGUAPE ( HGM)<\/td><\/tr><tr><td><strong>CAAPOR\u00c3&nbsp;&nbsp;(m\u00f3vel)<\/strong><\/td><td>HOSPITAL MUNICIPAL ANA VIRG\u00cdNIA<\/td><\/tr><tr><td><strong>ALHANDRA (m\u00f3vel)<\/strong><\/td><td>HOSPITAL MUNICIPAL ALFREDO DE ALMEIDA FERREIRA.<\/td><\/tr><tr><td><strong>PITIMBU&nbsp;&nbsp;(m\u00f3vel)<\/strong><\/td><td>POLICL\u00cdNICA DALVINA SOARES<\/td><\/tr><tr><td><strong>ITABAIANA&nbsp;&nbsp;(m\u00f3vel)<\/strong><\/td><td>CEDMEX<\/td><\/tr><tr><td><strong>GUARABIRA&nbsp;&nbsp;(m\u00f3vel)<\/strong><\/td><td>CEDMEX<\/td><\/tr><tr><td><strong>BA\u00cdA DA TRAI\u00c7\u00c3O&nbsp;&nbsp;(m\u00f3vel)<\/strong><\/td><td>CEDMEX<\/td><\/tr><tr><td><strong>CONGO (m\u00f3vel)<\/strong><\/td><td>CENTRO DE SA\u00daDE (ANTIGO HOSPITAL)<\/td><\/tr><tr><td><strong>PIANC\u00d3 (m\u00f3vel)<\/strong><\/td><td>CEDMEX<\/td><\/tr><\/tbody><\/table><\/figure>\n","protected":false},"excerpt":{"rendered":"<p>Para o enfrentamento e a preven\u00e7\u00e3o da Covid-19, o Governo da Para\u00edba j\u00e1 est\u00e1 usando a tecnologia de alta precis\u00e3o para medir a temperatura corp\u00f3rea&hellip; <\/p>\n","protected":false},"author":2,"featured_media":173188,"comment_status":"closed","ping_status":"closed","sticky":false,"template":"","format":"standard","meta":{"sfsi_plus_gutenberg_text_before_share":"","sfsi_plus_gutenberg_show_text_before_share":"","sfsi_plus_gutenberg_icon_type":"","sfsi_plus_gutenberg_icon_alignemt":"","sfsi_plus_gutenburg_max_per_row":"","footnotes":""},"categories":[16],"tags":[],"class_list":["post-173187","post","type-post","status-publish","format-standard","has-post-thumbnail","hentry","category-saude"],"_links":{"self":[{"href":"https:\/\/www.caririemacao.com\/1\/wp-json\/wp\/v2\/posts\/173187","targetHints":{"allow":["GET"]}}],"collection":[{"href":"https:\/\/www.caririemacao.com\/1\/wp-json\/wp\/v2\/posts"}],"about":[{"href":"https:\/\/www.caririemacao.com\/1\/wp-json\/wp\/v2\/types\/post"}],"author":[{"embeddable":true,"href":"https:\/\/www.caririemacao.com\/1\/wp-json\/wp\/v2\/users\/2"}],"replies":[{"embeddable":true,"href":"https:\/\/www.caririemacao.com\/1\/wp-json\/wp\/v2\/comments?post=173187"}],"version-history":[{"count":1,"href":"https:\/\/www.caririemacao.com\/1\/wp-json\/wp\/v2\/posts\/173187\/revisions"}],"predecessor-version":[{"id":173189,"href":"https:\/\/www.caririemacao.com\/1\/wp-json\/wp\/v2\/posts\/173187\/revisions\/173189"}],"wp:featuredmedia":[{"embeddable":true,"href":"https:\/\/www.caririemacao.com\/1\/wp-json\/wp\/v2\/media\/173188"}],"wp:attachment":[{"href":"https:\/\/www.caririemacao.com\/1\/wp-json\/wp\/v2\/media?parent=173187"}],"wp:term":[{"taxonomy":"category","embeddable":true,"href":"https:\/\/www.caririemacao.com\/1\/wp-json\/wp\/v2\/categories?post=173187"},{"taxonomy":"post_tag","embeddable":true,"href":"https:\/\/www.caririemacao.com\/1\/wp-json\/wp\/v2\/tags?post=173187"}],"curies":[{"name":"wp","href":"https:\/\/api.w.org\/{rel}","templated":true}]}}