{"id":173191,"date":"2020-06-07T08:00:47","date_gmt":"2020-06-07T11:00:47","guid":{"rendered":"https:\/\/www.caririemacao.com\/1\/?p=173191"},"modified":"2020-06-07T08:00:47","modified_gmt":"2020-06-07T11:00:47","slug":"bebe-e-encontrado-morto-dentro-de-caixa-e-mae-e-suspeita-de-ter-praticado-infanticidio-apos-ter-parto-dentro-de-banheiro-na-paraiba","status":"publish","type":"post","link":"https:\/\/www.caririemacao.com\/1\/2020\/06\/07\/bebe-e-encontrado-morto-dentro-de-caixa-e-mae-e-suspeita-de-ter-praticado-infanticidio-apos-ter-parto-dentro-de-banheiro-na-paraiba\/","title":{"rendered":"Beb\u00ea \u00e9 encontrado morto dentro de caixa e m\u00e3e \u00e9 suspeita de ter praticado infantic\u00eddio ap\u00f3s ter parto dentro de banheiro na Para\u00edba"},"content":{"rendered":"\n<p>Um rec\u00e9m-nascido foi encontrado morto, nesta sexta-feira (05), em uma casa no bairro&nbsp;do Presidente M\u00e9dici, em Campina Grande, na Para\u00edba. O beb\u00ea foi encontrado pela av\u00f3 enrolado em um len\u00e7ol, dentro de uma caixa.<\/p>\n\n\n\n<p>A suspeita \u00e9 de que a m\u00e3e do beb\u00ea tenha praticado infantic\u00eddio ap\u00f3s ter o parto dentro de casa.<\/p>\n\n\n\n<p>A Pol\u00edcia Militar foi acionada pelo Samu, que foi chamado pela av\u00f3 do rec\u00e9m-nascido, Adalgisa Oliveira, ap\u00f3s encontrar o beb\u00ea e a filha apresentar sangramento.<\/p>\n\n\n\n<p>A av\u00f3 disse que suspeitou que a filha entrou em trabalho de parto ap\u00f3s passar mais de uma hora no banheiro.<\/p>\n\n\n\n<p>\u201cEla levantou de manh\u00e3, pegou uma toalha e falou que ia tomar banho. Eu perguntei se ela queria ir no hospital, mas ela disse que n\u00e3o. Ent\u00e3o eu sa\u00ed para limpar a cal\u00e7ada e quando voltei, falei para minha outra filha que achava que a irm\u00e3 dela ia ter o parto hoje\u201d, contou Adalgisa.<\/p>\n\n\n\n<p>\u201cDepois de um tempo ela se dirigiu ao quarto e disse que ia dormir. Eu perguntei a ela se queria que ela lavasse umas roupas e ela disse que podia lavar, exceto um len\u00e7ol que estava l\u00e1\u201d, continuou a av\u00f3.<\/p>\n\n\n\n<p>Adalgisa disse que estranhou e ao pegar o len\u00e7ol encontrou a caixa com o beb\u00ea. Ela afirmou que a crian\u00e7a respirava muito fraco. Foi quando ela acionou o Samu.<\/p>\n\n\n\n<p>Ao chegar no local, o Samu apenas constatou o \u00f3bito do rec\u00e9m-nascido e notou que a m\u00e3e ainda n\u00e3o havia expulsado a placenta e apresentava sangramento. A mulher foi levada para a&nbsp;maternidade do Instituto de Sa\u00fade Elp\u00eddio de Almeida (Isea).<\/p>\n\n\n\n<p>A Pol\u00edcia Civil e a per\u00edcia tamb\u00e9m foram acionais. O delegado respons\u00e1vel&nbsp;&nbsp;Cristiano Brito disse que vai investigar se houve crime.<\/p>\n\n\n\n<p>A av\u00f3 do beb\u00ea informou que a filha tentou esconder a gravidez no in\u00edcio, mas nunca chegou a falar sobre aborto.&nbsp;O caso ser\u00e1 investigado.<\/p>\n\n\n\n<p><em>Com Click PB<\/em><\/p>\n","protected":false},"excerpt":{"rendered":"<p>Um rec\u00e9m-nascido foi encontrado morto, nesta sexta-feira (05), em uma casa no bairro&nbsp;do Presidente M\u00e9dici, em Campina Grande, na Para\u00edba. O beb\u00ea foi encontrado pela&hellip; <\/p>\n","protected":false},"author":2,"featured_media":173192,"comment_status":"closed","ping_status":"closed","sticky":false,"template":"","format":"standard","meta":{"sfsi_plus_gutenberg_text_before_share":"","sfsi_plus_gutenberg_show_text_before_share":"","sfsi_plus_gutenberg_icon_type":"","sfsi_plus_gutenberg_icon_alignemt":"","sfsi_plus_gutenburg_max_per_row":"","footnotes":""},"categories":[12],"tags":[],"class_list":["post-173191","post","type-post","status-publish","format-standard","has-post-thumbnail","hentry","category-policia"],"_links":{"self":[{"href":"https:\/\/www.caririemacao.com\/1\/wp-json\/wp\/v2\/posts\/173191","targetHints":{"allow":["GET"]}}],"collection":[{"href":"https:\/\/www.caririemacao.com\/1\/wp-json\/wp\/v2\/posts"}],"about":[{"href":"https:\/\/www.caririemacao.com\/1\/wp-json\/wp\/v2\/types\/post"}],"author":[{"embeddable":true,"href":"https:\/\/www.caririemacao.com\/1\/wp-json\/wp\/v2\/users\/2"}],"replies":[{"embeddable":true,"href":"https:\/\/www.caririemacao.com\/1\/wp-json\/wp\/v2\/comments?post=173191"}],"version-history":[{"count":1,"href":"https:\/\/www.caririemacao.com\/1\/wp-json\/wp\/v2\/posts\/173191\/revisions"}],"predecessor-version":[{"id":173193,"href":"https:\/\/www.caririemacao.com\/1\/wp-json\/wp\/v2\/posts\/173191\/revisions\/173193"}],"wp:featuredmedia":[{"embeddable":true,"href":"https:\/\/www.caririemacao.com\/1\/wp-json\/wp\/v2\/media\/173192"}],"wp:attachment":[{"href":"https:\/\/www.caririemacao.com\/1\/wp-json\/wp\/v2\/media?parent=173191"}],"wp:term":[{"taxonomy":"category","embeddable":true,"href":"https:\/\/www.caririemacao.com\/1\/wp-json\/wp\/v2\/categories?post=173191"},{"taxonomy":"post_tag","embeddable":true,"href":"https:\/\/www.caririemacao.com\/1\/wp-json\/wp\/v2\/tags?post=173191"}],"curies":[{"name":"wp","href":"https:\/\/api.w.org\/{rel}","templated":true}]}}