{"id":173196,"date":"2020-06-07T11:05:32","date_gmt":"2020-06-07T14:05:32","guid":{"rendered":"https:\/\/www.caririemacao.com\/1\/?p=173196"},"modified":"2020-06-07T11:05:32","modified_gmt":"2020-06-07T14:05:32","slug":"acidente-na-br-110-envolvendo-duas-motocicletas","status":"publish","type":"post","link":"https:\/\/www.caririemacao.com\/1\/2020\/06\/07\/acidente-na-br-110-envolvendo-duas-motocicletas\/","title":{"rendered":"Acidente na BR 110 envolvendo duas motocicletas"},"content":{"rendered":"\n<p>Por volta das 15h15min do s\u00e1bado (6), a Pol\u00edcia Militar foi solicitada por uma senhora informando que na br-110 havia ocorrido um acidente de tr\u00e2nsito.<\/p>\n\n\n\n<p>A guarni\u00e7\u00e3o foi at\u00e9 o local do sinistro e constatou que dois homens, um com 55 e outro com 46 anos de idade, trafegavam na BR 110, sentido Monteiro \u00e0 Sert\u00e2nia, que na altura do Km 186 um dos condutores fez a conven\u00e7\u00e3o para a esquerda e n\u00e3o acionou o pisca alerta, como as motocicletas vinham pr\u00f3ximas o outro colidiu. A equipe do SAMU fez os primeiros atendimentos e conduziu as v\u00edtimas at\u00e9 o Hospital Santa Filomena.<\/p>\n","protected":false},"excerpt":{"rendered":"<p>Por volta das 15h15min do s\u00e1bado (6), a Pol\u00edcia Militar foi solicitada por uma senhora informando que na br-110 havia ocorrido um acidente de tr\u00e2nsito.&hellip; <\/p>\n","protected":false},"author":1,"featured_media":173197,"comment_status":"closed","ping_status":"closed","sticky":false,"template":"","format":"standard","meta":{"sfsi_plus_gutenberg_text_before_share":"","sfsi_plus_gutenberg_show_text_before_share":"","sfsi_plus_gutenberg_icon_type":"","sfsi_plus_gutenberg_icon_alignemt":"","sfsi_plus_gutenburg_max_per_row":"","footnotes":""},"categories":[6,12],"tags":[],"class_list":["post-173196","post","type-post","status-publish","format-standard","has-post-thumbnail","hentry","category-cidades","category-policia"],"_links":{"self":[{"href":"https:\/\/www.caririemacao.com\/1\/wp-json\/wp\/v2\/posts\/173196","targetHints":{"allow":["GET"]}}],"collection":[{"href":"https:\/\/www.caririemacao.com\/1\/wp-json\/wp\/v2\/posts"}],"about":[{"href":"https:\/\/www.caririemacao.com\/1\/wp-json\/wp\/v2\/types\/post"}],"author":[{"embeddable":true,"href":"https:\/\/www.caririemacao.com\/1\/wp-json\/wp\/v2\/users\/1"}],"replies":[{"embeddable":true,"href":"https:\/\/www.caririemacao.com\/1\/wp-json\/wp\/v2\/comments?post=173196"}],"version-history":[{"count":1,"href":"https:\/\/www.caririemacao.com\/1\/wp-json\/wp\/v2\/posts\/173196\/revisions"}],"predecessor-version":[{"id":173198,"href":"https:\/\/www.caririemacao.com\/1\/wp-json\/wp\/v2\/posts\/173196\/revisions\/173198"}],"wp:featuredmedia":[{"embeddable":true,"href":"https:\/\/www.caririemacao.com\/1\/wp-json\/wp\/v2\/media\/173197"}],"wp:attachment":[{"href":"https:\/\/www.caririemacao.com\/1\/wp-json\/wp\/v2\/media?parent=173196"}],"wp:term":[{"taxonomy":"category","embeddable":true,"href":"https:\/\/www.caririemacao.com\/1\/wp-json\/wp\/v2\/categories?post=173196"},{"taxonomy":"post_tag","embeddable":true,"href":"https:\/\/www.caririemacao.com\/1\/wp-json\/wp\/v2\/tags?post=173196"}],"curies":[{"name":"wp","href":"https:\/\/api.w.org\/{rel}","templated":true}]}}