{"id":173199,"date":"2020-06-07T11:07:58","date_gmt":"2020-06-07T14:07:58","guid":{"rendered":"https:\/\/www.caririemacao.com\/1\/?p=173199"},"modified":"2020-06-07T11:07:58","modified_gmt":"2020-06-07T14:07:58","slug":"policia-militar-prende-acusada-de-incendiar-residencia","status":"publish","type":"post","link":"https:\/\/www.caririemacao.com\/1\/2020\/06\/07\/policia-militar-prende-acusada-de-incendiar-residencia\/","title":{"rendered":"Pol\u00edcia Militar prende acusada de incendiar  resid\u00eancia"},"content":{"rendered":"\n<p>Por volta das 16h24m do s\u00e1bado (6), a Pol\u00edcia Militar foi solicitada por populares que no S\u00edtio Macambira informando que uma mulher ateou fogo em uma resid\u00eancia.<\/p>\n\n\n\n<p>A guarni\u00e7\u00e3o foi at\u00e9 o local da den\u00fancia e constatou a veracidade dos fatos, segundo a v\u00edtima com 36 anos de idade, informou que sua ex esposa de 25 anos de idade, foi quem colocou fogo no seu barraco localizado no S\u00edtio Macambira em S\u00e3o Jo\u00e3o do Tigre. A acusada e a v\u00edtima foram encaminhadas at\u00e9 a Delegacia de Pol\u00edcia Civil de Monteiro.<\/p>\n\n\n\n<p><em>P\/5<\/em><br>Se\u00e7\u00e3o de Comunica\u00e7\u00e3o Social e Marketing Institucional &#8211; 11\u00ba BPM<\/p>\n","protected":false},"excerpt":{"rendered":"<p>Por volta das 16h24m do s\u00e1bado (6), a Pol\u00edcia Militar foi solicitada por populares que no S\u00edtio Macambira informando que uma mulher ateou fogo em&hellip; <\/p>\n","protected":false},"author":1,"featured_media":173200,"comment_status":"closed","ping_status":"closed","sticky":false,"template":"","format":"standard","meta":{"sfsi_plus_gutenberg_text_before_share":"","sfsi_plus_gutenberg_show_text_before_share":"","sfsi_plus_gutenberg_icon_type":"","sfsi_plus_gutenberg_icon_alignemt":"","sfsi_plus_gutenburg_max_per_row":"","footnotes":""},"categories":[6,12],"tags":[],"class_list":["post-173199","post","type-post","status-publish","format-standard","has-post-thumbnail","hentry","category-cidades","category-policia"],"_links":{"self":[{"href":"https:\/\/www.caririemacao.com\/1\/wp-json\/wp\/v2\/posts\/173199","targetHints":{"allow":["GET"]}}],"collection":[{"href":"https:\/\/www.caririemacao.com\/1\/wp-json\/wp\/v2\/posts"}],"about":[{"href":"https:\/\/www.caririemacao.com\/1\/wp-json\/wp\/v2\/types\/post"}],"author":[{"embeddable":true,"href":"https:\/\/www.caririemacao.com\/1\/wp-json\/wp\/v2\/users\/1"}],"replies":[{"embeddable":true,"href":"https:\/\/www.caririemacao.com\/1\/wp-json\/wp\/v2\/comments?post=173199"}],"version-history":[{"count":1,"href":"https:\/\/www.caririemacao.com\/1\/wp-json\/wp\/v2\/posts\/173199\/revisions"}],"predecessor-version":[{"id":173201,"href":"https:\/\/www.caririemacao.com\/1\/wp-json\/wp\/v2\/posts\/173199\/revisions\/173201"}],"wp:featuredmedia":[{"embeddable":true,"href":"https:\/\/www.caririemacao.com\/1\/wp-json\/wp\/v2\/media\/173200"}],"wp:attachment":[{"href":"https:\/\/www.caririemacao.com\/1\/wp-json\/wp\/v2\/media?parent=173199"}],"wp:term":[{"taxonomy":"category","embeddable":true,"href":"https:\/\/www.caririemacao.com\/1\/wp-json\/wp\/v2\/categories?post=173199"},{"taxonomy":"post_tag","embeddable":true,"href":"https:\/\/www.caririemacao.com\/1\/wp-json\/wp\/v2\/tags?post=173199"}],"curies":[{"name":"wp","href":"https:\/\/api.w.org\/{rel}","templated":true}]}}