{"id":173202,"date":"2020-06-07T11:10:15","date_gmt":"2020-06-07T14:10:15","guid":{"rendered":"https:\/\/www.caririemacao.com\/1\/?p=173202"},"modified":"2020-06-07T11:10:15","modified_gmt":"2020-06-07T14:10:15","slug":"policia-militar-prende-dupla-de-assaltantes-e-recupera-tres-motos-roubadas-no-cariri","status":"publish","type":"post","link":"https:\/\/www.caririemacao.com\/1\/2020\/06\/07\/policia-militar-prende-dupla-de-assaltantes-e-recupera-tres-motos-roubadas-no-cariri\/","title":{"rendered":"Pol\u00edcia Militar prende dupla de assaltantes e recupera tr\u00eas motos roubadas no cariri"},"content":{"rendered":"\n<p>Por volta das 20h35min do s\u00e1bado (6), uma v\u00edtima com 30 anos de idade ligou para o (190) COPOM denunciando que h\u00e1 via sofrido um assalto e que dois acusados armados levaram sua moto nas proximidades do posto Avante em Monteiro.<\/p>\n\n\n\n<p>Os policiais do 11\u00ba Batalh\u00e3o deram in\u00edcio as buscas. Os acusados com 18 e 19 anos de idade, abandonaram a moto roubada no S\u00edtio Serrote e roubaram outra moto, as guarni\u00e7\u00f5es localizaram a moto abandonada e ao continuaram as diligencias, localizando os acusados na BR 110, os mesmos, na fuga devido \u00e0 alta velocidade, perderam o controle da moto e ca\u00edram no ch\u00e3o, ao serem abordados foi encontrado um simulacro de arma de fogo (pistola) e tr\u00eas celulares. Ap\u00f3s a pris\u00e3o os policiais descobriram que os acusados estavam escondendo uma terceira moto roubada em um matagal pr\u00f3ximo a entrada de Monteiro, a mesma havia sido furtada dias atr\u00e1s.<\/p>\n\n\n\n<p>Os ve\u00edculos recuperados e todo material localizado foram encaminhados a Delegacia de Pol\u00edcia Civil para os tramites processuais.<\/p>\n\n\n\n<p><em>MOTOS RECUPERADAS<\/em><\/p>\n\n\n\n<ul class=\"wp-block-list\"><li>Honda CG 150 TITAN-KS MIX, cor preta, placa PFQ6785 \/ PE<\/li><li>Honda CG 150 FAN ESi, cor vermelha, placa OFD3317 \/ PB<\/li><li>Honda CG 150 FAN ESDi, cor vermelha, placa QFH7618 \/ PB<\/li><\/ul>\n\n\n\n<p><em>P\/5<\/em><br>Se\u00e7\u00e3o de Comunica\u00e7\u00e3o Social e Marketing Institucional &#8211; 11\u00ba BPM<\/p>\n","protected":false},"excerpt":{"rendered":"<p>Por volta das 20h35min do s\u00e1bado (6), uma v\u00edtima com 30 anos de idade ligou para o (190) COPOM denunciando que h\u00e1 via sofrido um&hellip; <\/p>\n","protected":false},"author":1,"featured_media":173203,"comment_status":"closed","ping_status":"closed","sticky":false,"template":"","format":"standard","meta":{"sfsi_plus_gutenberg_text_before_share":"","sfsi_plus_gutenberg_show_text_before_share":"","sfsi_plus_gutenberg_icon_type":"","sfsi_plus_gutenberg_icon_alignemt":"","sfsi_plus_gutenburg_max_per_row":"","footnotes":""},"categories":[6,12],"tags":[],"class_list":["post-173202","post","type-post","status-publish","format-standard","has-post-thumbnail","hentry","category-cidades","category-policia"],"_links":{"self":[{"href":"https:\/\/www.caririemacao.com\/1\/wp-json\/wp\/v2\/posts\/173202","targetHints":{"allow":["GET"]}}],"collection":[{"href":"https:\/\/www.caririemacao.com\/1\/wp-json\/wp\/v2\/posts"}],"about":[{"href":"https:\/\/www.caririemacao.com\/1\/wp-json\/wp\/v2\/types\/post"}],"author":[{"embeddable":true,"href":"https:\/\/www.caririemacao.com\/1\/wp-json\/wp\/v2\/users\/1"}],"replies":[{"embeddable":true,"href":"https:\/\/www.caririemacao.com\/1\/wp-json\/wp\/v2\/comments?post=173202"}],"version-history":[{"count":1,"href":"https:\/\/www.caririemacao.com\/1\/wp-json\/wp\/v2\/posts\/173202\/revisions"}],"predecessor-version":[{"id":173204,"href":"https:\/\/www.caririemacao.com\/1\/wp-json\/wp\/v2\/posts\/173202\/revisions\/173204"}],"wp:featuredmedia":[{"embeddable":true,"href":"https:\/\/www.caririemacao.com\/1\/wp-json\/wp\/v2\/media\/173203"}],"wp:attachment":[{"href":"https:\/\/www.caririemacao.com\/1\/wp-json\/wp\/v2\/media?parent=173202"}],"wp:term":[{"taxonomy":"category","embeddable":true,"href":"https:\/\/www.caririemacao.com\/1\/wp-json\/wp\/v2\/categories?post=173202"},{"taxonomy":"post_tag","embeddable":true,"href":"https:\/\/www.caririemacao.com\/1\/wp-json\/wp\/v2\/tags?post=173202"}],"curies":[{"name":"wp","href":"https:\/\/api.w.org\/{rel}","templated":true}]}}