{"id":173205,"date":"2020-06-07T11:16:51","date_gmt":"2020-06-07T14:16:51","guid":{"rendered":"https:\/\/www.caririemacao.com\/1\/?p=173205"},"modified":"2020-06-07T11:16:51","modified_gmt":"2020-06-07T14:16:51","slug":"mpf-da-72-h-para-ministro-explicar-mudanca-que-omite-dados-sobre-mortes","status":"publish","type":"post","link":"https:\/\/www.caririemacao.com\/1\/2020\/06\/07\/mpf-da-72-h-para-ministro-explicar-mudanca-que-omite-dados-sobre-mortes\/","title":{"rendered":"MPF d\u00e1 72 h para ministro explicar mudan\u00e7a que omite dados sobre mortes"},"content":{"rendered":"\n<p>A C\u00e2mara de Direitos Sociais e Fiscaliza\u00e7\u00e3o de Atos Administrativos em Geral do Minist\u00e9rio P\u00fablico Federal (MPF) instaurou neste s\u00e1bado (6) um procedimento extrajudicial para apurar os motivos que levaram o Minist\u00e9rio da Sa\u00fade a mudar o formato de divulga\u00e7\u00e3o e excluir do Painel de Informa\u00e7\u00f5es da Covid-19 o n\u00famero acumulado de mortes e de casos confirmados da doen\u00e7a.<\/p>\n\n\n\n<p>Para fundamentar o pedido, o \u00f3rg\u00e3o cita a Constitui\u00e7\u00e3o que assegura &#8216;a todos o acesso \u00e0 informa\u00e7\u00e3o&#8217; e a Lei de Acesso \u00e0 Informa\u00e7\u00e3o, que prev\u00ea a transpar\u00eancia do poder p\u00fablico. A nova forma de divulgar o boletim de casos de coronav\u00edrus foi alvo de cr\u00edticas de autoridades e especialistas.<\/p>\n\n\n\n<figure class=\"wp-block-image\"><img decoding=\"async\" data-src=\"https:\/\/s01.video.glbimg.com\/x240\/8608840.jpg\" alt=\"Conselho de Secret\u00e1rios de Sa\u00fade repudia afirma\u00e7\u00e3o que dados sobre mortos s\u00e3o fantasiosos\" title=\"Conselho de Secret\u00e1rios de Sa\u00fade repudia afirma\u00e7\u00e3o que dados sobre mortos s\u00e3o fantasiosos\" src=\"data:image\/svg+xml;base64,PHN2ZyB3aWR0aD0iMSIgaGVpZ2h0PSIxIiB4bWxucz0iaHR0cDovL3d3dy53My5vcmcvMjAwMC9zdmciPjwvc3ZnPg==\" class=\"lazyload\" \/><\/figure>\n\n\n\n<p>&#8211;:&#8211;\/&#8211;:&#8211;<\/p>\n\n\n\n<p>Conselho de Secret\u00e1rios de Sa\u00fade repudia afirma\u00e7\u00e3o que dados sobre mortos s\u00e3o fantasiosos<\/p>\n\n\n\n<p>Neste s\u00e1bado (6)\u00a0foram 904 novas mortes nas \u00faltimas 24 horas e 27.075 novos casos confirmados\u00a0da doen\u00e7a. O governo n\u00e3o totalizou os dados, mas somados ao \u00faltimo balan\u00e7o oficial do Minist\u00e9rio da Sa\u00fade na quinta-feira (4), o n\u00famero de mortos no pa\u00eds chegou a 35.930 e o de infec\u00e7\u00f5es, 672.846.<\/p>\n\n\n\n<p>O despacho determina o envio de of\u00edcio ao ministro interino da Sa\u00fade, Eduardo Pazuello, para que ele forne\u00e7a, no prazo de 72 horas, informa\u00e7\u00f5es detalhadas sobre o assunto. A decis\u00e3o de abrir o procedimento, foi tomada pela subprocuradora-geral da Rep\u00fablica C\u00e9lia Regina Delgado, e pelo coordenador do Grupo de Trabalho Sa\u00fade da pasta, procurador da Rep\u00fablica Edilson Vitorelli.<\/p>\n\n\n\n<p>Entre as informa\u00e7\u00f5es e documentos que ser\u00e3o solicitados ao governo est\u00e3o a c\u00f3pia do ato administrativo que determinou a retirada do n\u00famero acumulado de mortes do painel bem como do todo o procedimento administrativo que resultou na ado\u00e7\u00e3o desse ato.<\/p>\n\n\n\n<p>O ministro tamb\u00e9m dever\u00e1 esclarecer se houve e \u2013 em caso positivo \u2013, quais foram outras modifica\u00e7\u00f5es e supress\u00f5es de dados p\u00fablicos relativos \u00e0 pandemia, especificando os fundamentos t\u00e9cnicos que embasaram essa decis\u00e3o.<\/p>\n\n\n\n<p>A C\u00e2mara do MPF tamb\u00e9m pediu esclarecimentos sobre a urg\u00eancia que determinou a altera\u00e7\u00e3o e eventuais outras modifica\u00e7\u00f5es que tenham implicado restri\u00e7\u00e3o \u00e0 publicidade de dados.<\/p>\n\n\n\n<p>\u201cNa hip\u00f3tese de ser verdadeira a informa\u00e7\u00e3o de que h\u00e1 pretens\u00e3o do governo federal de rever quaisquer dados j\u00e1 divulgados, atinentes \u00e0 pandemia, informar qual \u00e9 a raz\u00e3o pela qual essa eventual corre\u00e7\u00e3o n\u00e3o poderia ser efetuada, independentemente da supress\u00e3o pr\u00e9via de informa\u00e7\u00f5es\u201d, detalha um dos trechos do documento. Nesse caso, conforme o despacho, a resposta do ministro deve incluir a c\u00f3pia dos documentos que fundamentam, do ponto de vista t\u00e9cnico, a necessidade de tal revis\u00e3o.<\/p>\n\n\n\n<h2 class=\"wp-block-heading\">Mudan\u00e7a e dados ausentes<\/h2>\n\n\n\n<p>No novo formato de balan\u00e7o adotado desde sexta-feira, o minist\u00e9rio mudou a forma de divulga\u00e7\u00e3o dos indicadores, deixando de apresentar alguns dados consolidados.<\/p>\n\n\n\n<p>Tamb\u00e9m neste s\u00e1bado, o presidente Jair Bolsonaro confirmou que o governo passou a adotar uma nova sistem\u00e1tica para prestar informa\u00e7\u00f5es sobre o coronav\u00edrus.<\/p>\n\n\n\n<p>&#8220;As rotinas e fluxos est\u00e3o sendo adequados para garantir a melhor extra\u00e7\u00e3o dos dados di\u00e1rios, o que implica em aguardar os relat\u00f3rios estaduais e checagem de dados. Para evitar subnotifica\u00e7\u00e3o e inconsist\u00eancias, o Minist\u00e9rio da Sa\u00fade optou pela divulga\u00e7\u00e3o \u00e0s 22h, o que permite passar por esse processo completo. A divulga\u00e7\u00e3o entre 17h e 19h, ainda havia risco subnotifica\u00e7\u00e3o. Os fluxos est\u00e3o sendo padronizados e adequados para a melhor precis\u00e3o\u201d, informou o presidente.<\/p>\n\n\n\n<p>Uma das mudan\u00e7as \u00e9 que o boletim di\u00e1rio do minist\u00e9rio, divulgado nesta sexta, trazia apenas o n\u00famero de recuperados, novos casos e mortes registrados nas \u00faltimas 24h. Antes, o quadro apresentava tamb\u00e9m os n\u00fameros totais, registrados desde o in\u00edcio da pandemia.<\/p>\n\n\n\n<p>Outra altera\u00e7\u00e3o \u00e9 que o boletim passou a ser divulgado pelo minist\u00e9rio por volta das 22h. Inicialmente, essa divulga\u00e7\u00e3o ocorria \u00e0s 17h \u2013 depois, passou para 19h.<\/p>\n\n\n\n<p>A divulga\u00e7\u00e3o \u00e0s 22h come\u00e7ou nos \u00faltimos dias sem que o Minist\u00e9rio da Sa\u00fade desse uma justificativa para o atraso.<\/p>\n\n\n\n<p>Al\u00e9m disso, o portal do governo federal que traz os n\u00fameros da pandemia no Brasil saiu do ar na noite desta sexta. Ao ser acessada, a p\u00e1gina apresentava apenas a mensagem &#8220;Portal em Manuten\u00e7\u00e3o.&#8221; Ela voltou por volta das 17h deste s\u00e1bado.<\/p>\n\n\n\n<p>No entanto, o portal retornou reformulado e com dados \u00ednfimos, se comparado \u00e0 vers\u00e3o anterior. N\u00e3o h\u00e1, por exemplo, informa\u00e7\u00f5es detalhadas sobre cada estado \u2013 nem o total acumulado de cont\u00e1gios e de mortes. Ou seja, ficou igual ao boletim que o minist\u00e9rio passou a divulgar.<\/p>\n\n\n\n<p>O novo boletim enviado:<\/p>\n\n\n\n<ul class=\"wp-block-list\"><li><strong>N\u00e3o informa os n\u00fameros totais<\/strong>&nbsp;de mortes e casos, seja nacional ou por estados<\/li><li>N\u00e3o informa o&nbsp;<strong>n\u00famero de mortes em investiga\u00e7\u00e3o<\/strong><\/li><li>N\u00e3o informa o&nbsp;<strong>n\u00famero de mortes ocorridas nos \u00faltimos 3 dias<\/strong><\/li><li>N\u00e3o informa o&nbsp;<strong>total de pacientes&nbsp;<\/strong>recuperados ou em acompanhamento<\/li><li>N\u00e3o apresenta&nbsp;<strong>sinal de tend\u00eancia<\/strong>&nbsp;para o n\u00famero de mortes ou de casos<\/li><\/ul>\n","protected":false},"excerpt":{"rendered":"<p>A C\u00e2mara de Direitos Sociais e Fiscaliza\u00e7\u00e3o de Atos Administrativos em Geral do Minist\u00e9rio P\u00fablico Federal (MPF) instaurou neste s\u00e1bado (6) um procedimento extrajudicial para&hellip; <\/p>\n","protected":false},"author":1,"featured_media":173206,"comment_status":"closed","ping_status":"closed","sticky":false,"template":"","format":"standard","meta":{"sfsi_plus_gutenberg_text_before_share":"","sfsi_plus_gutenberg_show_text_before_share":"","sfsi_plus_gutenberg_icon_type":"","sfsi_plus_gutenberg_icon_alignemt":"","sfsi_plus_gutenburg_max_per_row":"","footnotes":""},"categories":[11],"tags":[],"class_list":["post-173205","post","type-post","status-publish","format-standard","has-post-thumbnail","hentry","category-politica"],"_links":{"self":[{"href":"https:\/\/www.caririemacao.com\/1\/wp-json\/wp\/v2\/posts\/173205","targetHints":{"allow":["GET"]}}],"collection":[{"href":"https:\/\/www.caririemacao.com\/1\/wp-json\/wp\/v2\/posts"}],"about":[{"href":"https:\/\/www.caririemacao.com\/1\/wp-json\/wp\/v2\/types\/post"}],"author":[{"embeddable":true,"href":"https:\/\/www.caririemacao.com\/1\/wp-json\/wp\/v2\/users\/1"}],"replies":[{"embeddable":true,"href":"https:\/\/www.caririemacao.com\/1\/wp-json\/wp\/v2\/comments?post=173205"}],"version-history":[{"count":1,"href":"https:\/\/www.caririemacao.com\/1\/wp-json\/wp\/v2\/posts\/173205\/revisions"}],"predecessor-version":[{"id":173207,"href":"https:\/\/www.caririemacao.com\/1\/wp-json\/wp\/v2\/posts\/173205\/revisions\/173207"}],"wp:featuredmedia":[{"embeddable":true,"href":"https:\/\/www.caririemacao.com\/1\/wp-json\/wp\/v2\/media\/173206"}],"wp:attachment":[{"href":"https:\/\/www.caririemacao.com\/1\/wp-json\/wp\/v2\/media?parent=173205"}],"wp:term":[{"taxonomy":"category","embeddable":true,"href":"https:\/\/www.caririemacao.com\/1\/wp-json\/wp\/v2\/categories?post=173205"},{"taxonomy":"post_tag","embeddable":true,"href":"https:\/\/www.caririemacao.com\/1\/wp-json\/wp\/v2\/tags?post=173205"}],"curies":[{"name":"wp","href":"https:\/\/api.w.org\/{rel}","templated":true}]}}