{"id":173208,"date":"2020-06-07T11:24:02","date_gmt":"2020-06-07T14:24:02","guid":{"rendered":"https:\/\/www.caririemacao.com\/1\/?p=173208"},"modified":"2020-06-07T11:24:02","modified_gmt":"2020-06-07T14:24:02","slug":"maia-critica-mudancas-em-portal-transparencia-e-fundamental","status":"publish","type":"post","link":"https:\/\/www.caririemacao.com\/1\/2020\/06\/07\/maia-critica-mudancas-em-portal-transparencia-e-fundamental\/","title":{"rendered":"Maia critica mudan\u00e7as em portal: &#8216;Transpar\u00eancia \u00e9 fundamental&#8217;"},"content":{"rendered":"\n<p>O presidente da C\u00e2mara dos Deputados,\u00a0Rodrigo Maia\u00a0(DEM-RJ), criticou neste s\u00e1bado (6) as mudan\u00e7as feitas pelo Minist\u00e9rio da Sa\u00fade na divulga\u00e7\u00e3o di\u00e1ria dos dados da pandemia do novo coronav\u00edrus.<\/p>\n\n\n\n<p>Nos \u00faltimos dias, o boletim passou a sair no fim da noite, com menos informa\u00e7\u00e3o que antes. O portal oficial do minist\u00e9rio ficou fora do ar e, ao ser restabelecido, tamb\u00e9m\u00a0deixou de informar os dados acumulados da pandemia.<\/p>\n\n\n\n<figure class=\"wp-block-image\"><img decoding=\"async\" data-src=\"https:\/\/s01.video.glbimg.com\/x240\/8608840.jpg\" alt=\"Secret\u00e1rios de Sa\u00fade repudiam com indigna\u00e7\u00e3o plano para recontar mortos pela Covid-19\" title=\"Secret\u00e1rios de Sa\u00fade repudiam com indigna\u00e7\u00e3o plano para recontar mortos pela Covid-19\" src=\"data:image\/svg+xml;base64,PHN2ZyB3aWR0aD0iMSIgaGVpZ2h0PSIxIiB4bWxucz0iaHR0cDovL3d3dy53My5vcmcvMjAwMC9zdmciPjwvc3ZnPg==\" class=\"lazyload\" \/><\/figure>\n\n\n\n<p>&#8211;:&#8211;\/&#8211;:&#8211;<\/p>\n\n\n\n<p>Secret\u00e1rios de Sa\u00fade repudiam com indigna\u00e7\u00e3o plano para recontar mortos pela Covid-19<\/p>\n\n\n\n<p>Maia participou de uma transmiss\u00e3o em rede social com o m\u00fasico Tico Santa Cruz. Perguntado se o Congresso poderia fazer algo para reverter as mudan\u00e7as, o presidente da C\u00e2mara disse ter feito um apelo ao ministro da Secretaria-Geral da Presid\u00eancia, Jorge Oliveira.<\/p>\n\n\n\n<p>&#8220;Eu liguei para o ministro Jorge hoje, pedi a ele, fiz um apelo em nome da C\u00e2mara que o governo restabelecesse os dados, a transpar\u00eancia. \u00c9 para n\u00f3s termos a informa\u00e7\u00e3o, isso \u00e9 importante, mas \u00e9 para que prefeitos e governadores com as informa\u00e7\u00f5es do Brasil possam tomar suas decis\u00f5es cada dia&#8221;, declarou Maia.<\/p>\n\n\n\n<p>At\u00e9 o in\u00edcio da semana, os dados nacionais sobre coronav\u00edrus eram divulgados no in\u00edcio da noite, a partir dos relat\u00f3rios dos 26 estados e do Distrito Federal. Nesta sexta, o documento foi\u00a0divulgado ap\u00f3s as 21h30\u00a0em uma vers\u00e3o resumida \u2013 sem o acumulado de mortes e de contaminados, e sem os \u00edndices de infec\u00e7\u00e3o e de mortalidade na popula\u00e7\u00e3o.<\/p>\n\n\n\n<p>Ainda sobre o tema, Maia disse que a pr\u00f3pria\u00a0C\u00e2mara dos Deputados\u00a0ou o\u00a0Tribunal de Contas da Uni\u00e3o\u00a0(TCU) podem assumir a fun\u00e7\u00e3o de consolidar os dados \u2013 ou seja, emitir um boletim &#8220;paralelo&#8221;. Mas, segundo o parlamentar, o ideal seria que o pr\u00f3prio governo voltasse \u00e0 divulga\u00e7\u00e3o original<\/p>\n\n\n\n<blockquote class=\"wp-block-quote is-layout-flow wp-block-quote-is-layout-flow\"><p>&#8220;Eu disse ao ministro Jorge que n\u00f3s n\u00e3o queremos ter que criar uma estrutura para ter que consolidar informa\u00e7\u00e3o. At\u00e9 porque \u00e9 o seguinte: essas s\u00e3o informa\u00e7\u00f5es que n\u00e3o s\u00e3o do governo federal, s\u00e3o dos estados. Ent\u00e3o, os estados v\u00e3o divulgar de qualquer jeito, algu\u00e9m vai consolidar. Vai ser a C\u00e2mara, vai ser o TCU? Algu\u00e9m vai consolidar e vai dar publicidade a isso. Agora \u00e9 muito ruim que a gente precise estar pedindo, est\u00e1 preocupado com um assunto como esse. \u00c9 \u00f3bvio que a transpar\u00eancia \u00e9 fundamental&#8221;, afirma Maia.<\/p><\/blockquote>\n\n\n\n<p>&#8220;Eu espero que o governo restabele\u00e7a isso no come\u00e7o da semana para que o TCU ou a C\u00e2mara ou qualquer institui\u00e7\u00e3o que seja n\u00e3o seja obrigado a ter que consolidar informa\u00e7\u00f5es. Que s\u00e3o informa\u00e7\u00f5es estaduais, n\u00e3o s\u00e3o nem informa\u00e7\u00f5es do governo federal. Ent\u00e3o, n\u00e3o tem nem como o governo, mesmo que quisesse, esconder ou atrasar esses dados para a sociedade brasileira&#8221;.<\/p>\n\n\n\n<p>Levantamento exclusivo feito pelo\u00a0<strong>G1\u00a0<\/strong>com as pr\u00f3prias secretarias estaduais aponta que, at\u00e9 a tarde deste s\u00e1bado, o Brasil j\u00e1 tinha atingido a casa de 35.456 mortes e 659.114 casos confirmados da Covid-19.<\/p>\n\n\n\n<p>At\u00e9 as 19h30, o governo\u00a0ainda n\u00e3o tinha informado\u00a0os dados consolidados neste s\u00e1bado \u2013 nem os das 24 horas anteriores, nem o acumulado desde o in\u00edcio da pandemia.<\/p>\n\n\n\n<figure class=\"wp-block-image\"><img decoding=\"async\" data-src=\"https:\/\/s01.video.glbimg.com\/x240\/8608004.jpg\" alt=\"CONASS reage com indigna\u00e7\u00e3o \u00e0 declara\u00e7\u00e3o de que minist\u00e9rio est\u00e1 recontando mortos da Covid\" title=\"CONASS reage com indigna\u00e7\u00e3o \u00e0 declara\u00e7\u00e3o de que minist\u00e9rio est\u00e1 recontando mortos da Covid\" src=\"data:image\/svg+xml;base64,PHN2ZyB3aWR0aD0iMSIgaGVpZ2h0PSIxIiB4bWxucz0iaHR0cDovL3d3dy53My5vcmcvMjAwMC9zdmciPjwvc3ZnPg==\" class=\"lazyload\" \/><\/figure>\n\n\n\n<p>00:00\/09:03<\/p>\n\n\n\n<p>CONASS reage com indigna\u00e7\u00e3o \u00e0 declara\u00e7\u00e3o de que minist\u00e9rio est\u00e1 recontando mortos da Covid<\/p>\n\n\n\n<p>A mudan\u00e7a na divulga\u00e7\u00e3o dos dados ocorreu depois que o empres\u00e1rio Carlos Wizard passou a &#8220;colaborar&#8221; com o governo. Ele n\u00e3o foi nomeado para cargo, mas tem participado de debates sobre o novo coronav\u00edrus.<\/p>\n\n\n\n<p>Foi de Wizard, por exemplo, a declara\u00e7\u00e3o de que haveria uma\u00a0recontagem do n\u00famero de mortos\u00a0pela Covid-19, baseada na suspeita de que os estados estariam &#8220;inflando&#8221; os n\u00fameros para receber mais dinheiro. A informa\u00e7\u00e3o foi revelada pelo\u00a0blog da Bela Megale, do jornal &#8220;O Globo&#8221;.<\/p>\n\n\n\n<p>Questionado sobre o novo formato do boletim, com dados omitidos, Wizard enviou \u00e0 TV Globo uma nota que n\u00e3o trata do tema.<\/p>\n\n\n\n<p>&#8220;Aceitei o convite para atuar no Minist\u00e9rio da Sa\u00fade com o objetivo de proteger a popula\u00e7\u00e3o brasileira e apoiar os profissionais da sa\u00fade na nobre miss\u00e3o de salvar vidas. Zelo pela integridade, \u00e9tica e transpar\u00eancia em todos meus relacionamentos. Meu compromisso \u00e9 com a verdade, honestidade e solidariedade com a sociedade brasileira&#8221;, diz.<\/p>\n\n\n\n<h2 class=\"wp-block-heading\">Ataques virtuais<\/h2>\n\n\n\n<p>Questionado sobre ataques virtuais, o presidente da C\u00e2mara dos Deputados disse que julga ser o principal alvo do que chamou de \u201crede social radicalizada\u201d.<\/p>\n\n\n\n<p>Maia afirmou que, ao defender a retirada de mudan\u00e7as no Benef\u00edcio de Presta\u00e7\u00e3o Continuada (BPC) e da aposentadoria rural da reforma da Previd\u00eancia, no ano passado, \u201cpessoas extremistas\u201d come\u00e7aram a atac\u00e1-lo nas redes.<\/p>\n\n\n\n<p>\u201cDepois, vi que era uma t\u00e1tica para tentar impor a posi\u00e7\u00e3o de uma minoria em rela\u00e7\u00e3o a um debate democr\u00e1tico. Pontos de vista distintos, mas o objetivo deve ser sempre um pa\u00eds mais justo ou igual. N\u00e3o quer dizer que minha posi\u00e7\u00e3o esteja certa ou a sua. \u00c9 no parlamento que se encontra o equil\u00edbrio entre o que governo quer pautar e o que a sociedade aceita pautar\u201d, disse.<\/p>\n\n\n\n<p>Ele avaliou, ainda, que h\u00e1 grupos que acham que o Supremo Tribunal Federal e o parlamento t\u00eam de dizer \u201cam\u00e9m\u201d ao governo porque ganhou as elei\u00e7\u00f5es.<\/p>\n\n\n\n<p>\u201cE n\u00e3o \u00e9 assim. Cada poder tem o seu papel. Ningu\u00e9m \u00e9 mais importante do que ningu\u00e9m e ningu\u00e9m governa sozinho. Tem movimentos que querem uma democracia autocr\u00e1tica um governo autocr\u00e1tico, que quem venceu leva tudo. E n\u00e3o \u00e9 assim\u201d, disse.<\/p>\n\n\n\n<h2 class=\"wp-block-heading\">Processo de impeachment<\/h2>\n\n\n\n<p>Maia tamb\u00e9m foi questionado sobre a possibilidade de abertura de um processo de impeachment contra o presidente Jair Bolsonaro. A Constitui\u00e7\u00e3o Federal define que cabe ao presidente da C\u00e2mara dar o &#8220;primeiro passo&#8221;, ou seja, acatar o pedido de abertura do processo.<\/p>\n\n\n\n<p>Rodrigo Maia afirmou que &#8220;o ideal&#8221; \u00e9 que o Brasil n\u00e3o passe por outro processo dessa natureza, e que &#8220;ainda&#8221; n\u00e3o v\u00ea crime de responsabilidade cometido pelo presidente.<\/p>\n\n\n\n<p>\u201cMas, as amea\u00e7as preocupam a todos n\u00f3s. Vou ter que tomar uma decis\u00e3o, na hora adequada vou ter que decidir, mas a decis\u00e3o vai ser tomada na hora adequada. Se aconteceu ou n\u00e3o crime de responsabilidade. N\u00e3o tenho essa convic\u00e7\u00e3o ainda, hoje. Por isso n\u00e3o avaliei. N\u00e3o gostaria que [o Brasil] passasse por outro processo de impeachment. Sou alvo [nas redes sociais], mas temos que unir o Brasil para sair dessa crise\u201d, declarou.<\/p>\n","protected":false},"excerpt":{"rendered":"<p>O presidente da C\u00e2mara dos Deputados,\u00a0Rodrigo Maia\u00a0(DEM-RJ), criticou neste s\u00e1bado (6) as mudan\u00e7as feitas pelo Minist\u00e9rio da Sa\u00fade na divulga\u00e7\u00e3o di\u00e1ria dos dados da pandemia&hellip; <\/p>\n","protected":false},"author":1,"featured_media":173209,"comment_status":"closed","ping_status":"closed","sticky":false,"template":"","format":"standard","meta":{"sfsi_plus_gutenberg_text_before_share":"","sfsi_plus_gutenberg_show_text_before_share":"","sfsi_plus_gutenberg_icon_type":"","sfsi_plus_gutenberg_icon_alignemt":"","sfsi_plus_gutenburg_max_per_row":"","footnotes":""},"categories":[11],"tags":[],"class_list":["post-173208","post","type-post","status-publish","format-standard","has-post-thumbnail","hentry","category-politica"],"_links":{"self":[{"href":"https:\/\/www.caririemacao.com\/1\/wp-json\/wp\/v2\/posts\/173208","targetHints":{"allow":["GET"]}}],"collection":[{"href":"https:\/\/www.caririemacao.com\/1\/wp-json\/wp\/v2\/posts"}],"about":[{"href":"https:\/\/www.caririemacao.com\/1\/wp-json\/wp\/v2\/types\/post"}],"author":[{"embeddable":true,"href":"https:\/\/www.caririemacao.com\/1\/wp-json\/wp\/v2\/users\/1"}],"replies":[{"embeddable":true,"href":"https:\/\/www.caririemacao.com\/1\/wp-json\/wp\/v2\/comments?post=173208"}],"version-history":[{"count":1,"href":"https:\/\/www.caririemacao.com\/1\/wp-json\/wp\/v2\/posts\/173208\/revisions"}],"predecessor-version":[{"id":173210,"href":"https:\/\/www.caririemacao.com\/1\/wp-json\/wp\/v2\/posts\/173208\/revisions\/173210"}],"wp:featuredmedia":[{"embeddable":true,"href":"https:\/\/www.caririemacao.com\/1\/wp-json\/wp\/v2\/media\/173209"}],"wp:attachment":[{"href":"https:\/\/www.caririemacao.com\/1\/wp-json\/wp\/v2\/media?parent=173208"}],"wp:term":[{"taxonomy":"category","embeddable":true,"href":"https:\/\/www.caririemacao.com\/1\/wp-json\/wp\/v2\/categories?post=173208"},{"taxonomy":"post_tag","embeddable":true,"href":"https:\/\/www.caririemacao.com\/1\/wp-json\/wp\/v2\/tags?post=173208"}],"curies":[{"name":"wp","href":"https:\/\/api.w.org\/{rel}","templated":true}]}}