{"id":173229,"date":"2020-06-08T05:46:09","date_gmt":"2020-06-08T08:46:09","guid":{"rendered":"https:\/\/www.caririemacao.com\/1\/?p=173229"},"modified":"2020-06-08T05:46:09","modified_gmt":"2020-06-08T08:46:09","slug":"incendio-destroi-residencia-na-zona-rural-do-congo","status":"publish","type":"post","link":"https:\/\/www.caririemacao.com\/1\/2020\/06\/08\/incendio-destroi-residencia-na-zona-rural-do-congo\/","title":{"rendered":"Inc\u00eandio destr\u00f3i resid\u00eancia na zona rural do Congo"},"content":{"rendered":"\n<p>Na tarde deste s\u00e1bado(07) um inc\u00eandio a uma resid\u00eancia foi registrado no S\u00edtio Laginha, zona rural do munic\u00edpio do Congo, Cariri da Para\u00edba.<\/p>\n\n\n\n<p>Segundo informa\u00e7\u00f5es colhidas pelo portal De Olho no Cariri, a resid\u00eancia de propriedade de Nego de Pacheiro como popularmente \u00e9 conhecido, foi coberta pelas chamas e no momento do inc\u00eandio os familiares n\u00e3o estavam no interior da resid\u00eancia.<\/p>\n\n\n\n<p>A casa ficou parcialmente deteriorada e os imobili\u00e1rios e objetos foram totalmente destru\u00eddos. Pessoas pr\u00f3ximas da fam\u00edlia avistaram as chamas e se dirigiram at\u00e9 o local, conseguindo ainda retirar alguns ve\u00edculos que estavam nas proximidades da resid\u00eancia.<\/p>\n\n\n\n<p>Ainda de acordo com as informa\u00e7\u00f5es, ainda n\u00e3o se sabem as reais causas que teriam levado a origem do inc\u00eandio.<\/p>\n\n\n\n<p><strong>De Olho no Cariri<\/strong><\/p>\n","protected":false},"excerpt":{"rendered":"<p>Na tarde deste s\u00e1bado(07) um inc\u00eandio a uma resid\u00eancia foi registrado no S\u00edtio Laginha, zona rural do munic\u00edpio do Congo, Cariri da Para\u00edba. Segundo informa\u00e7\u00f5es&hellip; <\/p>\n","protected":false},"author":1,"featured_media":173230,"comment_status":"closed","ping_status":"closed","sticky":false,"template":"","format":"standard","meta":{"sfsi_plus_gutenberg_text_before_share":"","sfsi_plus_gutenberg_show_text_before_share":"","sfsi_plus_gutenberg_icon_type":"","sfsi_plus_gutenberg_icon_alignemt":"","sfsi_plus_gutenburg_max_per_row":"","footnotes":""},"categories":[6,2],"tags":[],"class_list":["post-173229","post","type-post","status-publish","format-standard","has-post-thumbnail","hentry","category-cidades","category-geral"],"_links":{"self":[{"href":"https:\/\/www.caririemacao.com\/1\/wp-json\/wp\/v2\/posts\/173229","targetHints":{"allow":["GET"]}}],"collection":[{"href":"https:\/\/www.caririemacao.com\/1\/wp-json\/wp\/v2\/posts"}],"about":[{"href":"https:\/\/www.caririemacao.com\/1\/wp-json\/wp\/v2\/types\/post"}],"author":[{"embeddable":true,"href":"https:\/\/www.caririemacao.com\/1\/wp-json\/wp\/v2\/users\/1"}],"replies":[{"embeddable":true,"href":"https:\/\/www.caririemacao.com\/1\/wp-json\/wp\/v2\/comments?post=173229"}],"version-history":[{"count":1,"href":"https:\/\/www.caririemacao.com\/1\/wp-json\/wp\/v2\/posts\/173229\/revisions"}],"predecessor-version":[{"id":173231,"href":"https:\/\/www.caririemacao.com\/1\/wp-json\/wp\/v2\/posts\/173229\/revisions\/173231"}],"wp:featuredmedia":[{"embeddable":true,"href":"https:\/\/www.caririemacao.com\/1\/wp-json\/wp\/v2\/media\/173230"}],"wp:attachment":[{"href":"https:\/\/www.caririemacao.com\/1\/wp-json\/wp\/v2\/media?parent=173229"}],"wp:term":[{"taxonomy":"category","embeddable":true,"href":"https:\/\/www.caririemacao.com\/1\/wp-json\/wp\/v2\/categories?post=173229"},{"taxonomy":"post_tag","embeddable":true,"href":"https:\/\/www.caririemacao.com\/1\/wp-json\/wp\/v2\/tags?post=173229"}],"curies":[{"name":"wp","href":"https:\/\/api.w.org\/{rel}","templated":true}]}}