{"id":173232,"date":"2020-06-08T05:47:56","date_gmt":"2020-06-08T08:47:56","guid":{"rendered":"https:\/\/www.caririemacao.com\/1\/?p=173232"},"modified":"2020-06-08T05:47:56","modified_gmt":"2020-06-08T08:47:56","slug":"adriano-galdino-parabeniza-joao-azevedo-e-geraldo-medeiros-pela-entrega-de-hospital-em-campina-para-combater-o-coronavirus","status":"publish","type":"post","link":"https:\/\/www.caririemacao.com\/1\/2020\/06\/08\/adriano-galdino-parabeniza-joao-azevedo-e-geraldo-medeiros-pela-entrega-de-hospital-em-campina-para-combater-o-coronavirus\/","title":{"rendered":"Adriano Galdino parabeniza Jo\u00e3o Azev\u00eado e Geraldo Medeiros pela entrega de hospital em Campina para combater o coronav\u00edrus"},"content":{"rendered":"\n<p>O presidente da Assembleia Legislativa da Para\u00edba (ALPB), Adriano Galdino, destacou durante uma live realizada neste s\u00e1bado (6) em suas redes sociais, a import\u00e2ncia que o Hospital das Cl\u00ednicas ter\u00e1 para a regi\u00e3o de Campina Grande. Ele parabenizou o governador Jo\u00e3o Azev\u00eado e o secret\u00e1rio de Sa\u00fade, Geraldo Medeiros pela entrega do equipamento que vai ajudar no tratamento do coronav\u00edrus na Rainha da Borborema.<\/p>\n\n\n\n<p>\u201c\u00c9 uma obra fant\u00e1stica e eu fiquei muito admirado. Quero aproveitar este momento e parabenizar ao secret\u00e1rio Geraldo Medeiros e o governador Jo\u00e3o Azev\u00eado, que em menos de 40 dias transformaram uma constru\u00e7\u00e3o abandonada em uma obra que ficou maravilhosa. Depois do covid-19 l\u00e1 ser\u00e1 uma maternidade que a regi\u00e3o t\u00e1 precisando demais\u201d, resumiu.<\/p>\n\n\n\n<p>Adriano destacou ainda a aquisi\u00e7\u00e3o de c\u00e2meras termogr\u00e1ficas para 22 cidades paraibanas, que medir\u00e3o a temperatura das pessoas e refor\u00e7ar\u00e3o as a\u00e7\u00f5es de combate \u00e0 covid-19 no estado.<br>\u201cN\u00f3s j\u00e1 estamos com c\u00e2meras termogr\u00e1ficas em 22 cidades para medir a temperatura das pessoas em uma a\u00e7\u00e3o muito forte do governo que com certeza trar\u00e1 resultado positivo para todos\u201d concluiu.<\/p>\n\n\n\n<p>Durante sua transmiss\u00e3o ao vivo Adriano ainda destacou leis promulgadas pela Casa de Epit\u00e1cio Pessoa para beneficiar a popula\u00e7\u00e3o durante esse per\u00edodo de pandemia. \u201cN\u00f3s aprovamos a lei que reduz a mensalidade das escolas e a partir desse m\u00eas todos os alunos v\u00e3o pagar com a redu\u00e7\u00e3o. Tivemos a lei que disciplina o atendimento para as pessoas nas casas lot\u00e9ricas e bancos; a lei que prorroga o pagamento do empr\u00e9stimo consignado para os servidores, durante o per\u00edodo de pandemia; e tamb\u00e9m a que pro\u00edbe a apreens\u00e3o dos carros por falta de pagamento de IPVA nesse per\u00edodo; entre outras\u201d, destacou o presidente.<\/p>\n\n\n\n<p>O parlamentar afirmou que os deputados e servidores da Casa Epit\u00e1cio Pessoa est\u00e3o trabalhando todos os dias com as sess\u00f5es e reuni\u00f5es remotas, realizadas atrav\u00e9s de v\u00eddeo confer\u00eancia. \u201cJ\u00e1 aprovamos v\u00e1rias mat\u00e9rias com o objetivo de combater a pandemia, trazendo muitas a\u00e7\u00f5es que garantem mais qualidade de vida para o nosso povo. Al\u00e9m disso, estamos tendo um resultado excelente com o trabalho feito por todos os deputados\u201d, disse.<\/p>\n\n\n\n<p>O presidente convidou para participar da live a m\u00e9dica Priscila Galdino, sua filha, que est\u00e1 cumprindo a quarentena ao lado do pai e aproveitou a ocasi\u00e3o para tirar algumas d\u00favidas dos espectadores sobre os cuidados que as pessoas devem ter relacionados \u00e0 Covid-19. Ela tamb\u00e9m esclareceu sobre os testes para identificar o diagn\u00f3stico e falou dos tipos de exames existentes e a sua efici\u00eancia.<\/p>\n\n\n\n<p>A m\u00e9dica esclareceu como est\u00e1 sendo feito o tratamento. \u201cAgrade\u00e7o a oportunidade de contribuir com informa\u00e7\u00f5es e estou bastante otimista de que logo mais essa situa\u00e7\u00e3o de pandemia ser\u00e1 resolvida\u201d, comentou.<\/p>\n\n\n\n<p>Com Bruno Lira<\/p>\n","protected":false},"excerpt":{"rendered":"<p>O presidente da Assembleia Legislativa da Para\u00edba (ALPB), Adriano Galdino, destacou durante uma live realizada neste s\u00e1bado (6) em suas redes sociais, a import\u00e2ncia que&hellip; <\/p>\n","protected":false},"author":1,"featured_media":173233,"comment_status":"closed","ping_status":"closed","sticky":false,"template":"","format":"standard","meta":{"sfsi_plus_gutenberg_text_before_share":"","sfsi_plus_gutenberg_show_text_before_share":"","sfsi_plus_gutenberg_icon_type":"","sfsi_plus_gutenberg_icon_alignemt":"","sfsi_plus_gutenburg_max_per_row":"","footnotes":""},"categories":[2],"tags":[],"class_list":["post-173232","post","type-post","status-publish","format-standard","has-post-thumbnail","hentry","category-geral"],"_links":{"self":[{"href":"https:\/\/www.caririemacao.com\/1\/wp-json\/wp\/v2\/posts\/173232","targetHints":{"allow":["GET"]}}],"collection":[{"href":"https:\/\/www.caririemacao.com\/1\/wp-json\/wp\/v2\/posts"}],"about":[{"href":"https:\/\/www.caririemacao.com\/1\/wp-json\/wp\/v2\/types\/post"}],"author":[{"embeddable":true,"href":"https:\/\/www.caririemacao.com\/1\/wp-json\/wp\/v2\/users\/1"}],"replies":[{"embeddable":true,"href":"https:\/\/www.caririemacao.com\/1\/wp-json\/wp\/v2\/comments?post=173232"}],"version-history":[{"count":1,"href":"https:\/\/www.caririemacao.com\/1\/wp-json\/wp\/v2\/posts\/173232\/revisions"}],"predecessor-version":[{"id":173234,"href":"https:\/\/www.caririemacao.com\/1\/wp-json\/wp\/v2\/posts\/173232\/revisions\/173234"}],"wp:featuredmedia":[{"embeddable":true,"href":"https:\/\/www.caririemacao.com\/1\/wp-json\/wp\/v2\/media\/173233"}],"wp:attachment":[{"href":"https:\/\/www.caririemacao.com\/1\/wp-json\/wp\/v2\/media?parent=173232"}],"wp:term":[{"taxonomy":"category","embeddable":true,"href":"https:\/\/www.caririemacao.com\/1\/wp-json\/wp\/v2\/categories?post=173232"},{"taxonomy":"post_tag","embeddable":true,"href":"https:\/\/www.caririemacao.com\/1\/wp-json\/wp\/v2\/tags?post=173232"}],"curies":[{"name":"wp","href":"https:\/\/api.w.org\/{rel}","templated":true}]}}