{"id":173235,"date":"2020-06-08T05:49:32","date_gmt":"2020-06-08T08:49:32","guid":{"rendered":"https:\/\/www.caririemacao.com\/1\/?p=173235"},"modified":"2020-06-08T05:49:32","modified_gmt":"2020-06-08T08:49:32","slug":"cabeleireiro-de-18-anos-e-morto-a-tiros-em-catole-do-rocha","status":"publish","type":"post","link":"https:\/\/www.caririemacao.com\/1\/2020\/06\/08\/cabeleireiro-de-18-anos-e-morto-a-tiros-em-catole-do-rocha\/","title":{"rendered":"Cabeleireiro de 18 anos \u00e9 morto a tiros em Catol\u00e9 do Rocha"},"content":{"rendered":"\n<p>Um cabeleireiro de apenas 18 anos foi morto a tiros na manh\u00e3 deste domingo (7) em Catol\u00e9 do Rocha, no Sert\u00e3o paraibano. Victor da Silva Sousa estava em casa quando foi assassinado.<\/p>\n\n\n\n<p>As informa\u00e7\u00f5es s\u00e3o de que dois homens em uma motocicleta chegaram \u00e0 resid\u00eancia da v\u00edtima, no bairro da Liberdade, por volta das 10h30. Eles teriam invadido a casa e atirado no jovem. C\u00e1psulas de pistola calibre 9 mm foram encontradas na cena do crime.At\u00e9 o momento, a pol\u00edcia n\u00e3o tem informa\u00e7\u00f5es sobre a motiva\u00e7\u00e3o e a autoria do crime.CLICKPB<\/p>\n","protected":false},"excerpt":{"rendered":"<p>Um cabeleireiro de apenas 18 anos foi morto a tiros na manh\u00e3 deste domingo (7) em Catol\u00e9 do Rocha, no Sert\u00e3o paraibano. Victor da Silva&hellip; <\/p>\n","protected":false},"author":1,"featured_media":173236,"comment_status":"closed","ping_status":"closed","sticky":false,"template":"","format":"standard","meta":{"sfsi_plus_gutenberg_text_before_share":"","sfsi_plus_gutenberg_show_text_before_share":"","sfsi_plus_gutenberg_icon_type":"","sfsi_plus_gutenberg_icon_alignemt":"","sfsi_plus_gutenburg_max_per_row":"","footnotes":""},"categories":[12],"tags":[],"class_list":["post-173235","post","type-post","status-publish","format-standard","has-post-thumbnail","hentry","category-policia"],"_links":{"self":[{"href":"https:\/\/www.caririemacao.com\/1\/wp-json\/wp\/v2\/posts\/173235","targetHints":{"allow":["GET"]}}],"collection":[{"href":"https:\/\/www.caririemacao.com\/1\/wp-json\/wp\/v2\/posts"}],"about":[{"href":"https:\/\/www.caririemacao.com\/1\/wp-json\/wp\/v2\/types\/post"}],"author":[{"embeddable":true,"href":"https:\/\/www.caririemacao.com\/1\/wp-json\/wp\/v2\/users\/1"}],"replies":[{"embeddable":true,"href":"https:\/\/www.caririemacao.com\/1\/wp-json\/wp\/v2\/comments?post=173235"}],"version-history":[{"count":1,"href":"https:\/\/www.caririemacao.com\/1\/wp-json\/wp\/v2\/posts\/173235\/revisions"}],"predecessor-version":[{"id":173237,"href":"https:\/\/www.caririemacao.com\/1\/wp-json\/wp\/v2\/posts\/173235\/revisions\/173237"}],"wp:featuredmedia":[{"embeddable":true,"href":"https:\/\/www.caririemacao.com\/1\/wp-json\/wp\/v2\/media\/173236"}],"wp:attachment":[{"href":"https:\/\/www.caririemacao.com\/1\/wp-json\/wp\/v2\/media?parent=173235"}],"wp:term":[{"taxonomy":"category","embeddable":true,"href":"https:\/\/www.caririemacao.com\/1\/wp-json\/wp\/v2\/categories?post=173235"},{"taxonomy":"post_tag","embeddable":true,"href":"https:\/\/www.caririemacao.com\/1\/wp-json\/wp\/v2\/tags?post=173235"}],"curies":[{"name":"wp","href":"https:\/\/api.w.org\/{rel}","templated":true}]}}