{"id":173241,"date":"2020-06-08T06:01:30","date_gmt":"2020-06-08T09:01:30","guid":{"rendered":"https:\/\/www.caririemacao.com\/1\/?p=173241"},"modified":"2020-06-08T06:01:30","modified_gmt":"2020-06-08T09:01:30","slug":"sume-registra-um-novo-caso-de-coronavirus","status":"publish","type":"post","link":"https:\/\/www.caririemacao.com\/1\/2020\/06\/08\/sume-registra-um-novo-caso-de-coronavirus\/","title":{"rendered":"Sum\u00e9 registra um novo caso de coronav\u00edrus"},"content":{"rendered":"\n<p>A Secretaria de Sa\u00fade de Sum\u00e9 registrou um novo caso de coronav\u00edrus no munic\u00edpio, neste domingo, 07 de junho.<\/p>\n\n\n\n<p>Trata-se de um homem, 45 anos, sem comorbidades, residente no bairro Renascer.<\/p>\n\n\n\n<p>O munic\u00edpio totaliza agora, 21 casos confirmados, com 3 pacientes recuperados.<\/p>\n\n\n\n<p>&#x27a1;&#xfe0f;&nbsp;A Prefeitura de Sum\u00e9 refor\u00e7a a popula\u00e7\u00e3o a necessidade do distanciamento social, uso da m\u00e1scara e higieniza\u00e7\u00e3o da m\u00e3os.<\/p>\n\n\n\n<p>Ascom<\/p>\n","protected":false},"excerpt":{"rendered":"<p>A Secretaria de Sa\u00fade de Sum\u00e9 registrou um novo caso de coronav\u00edrus no munic\u00edpio, neste domingo, 07 de junho. Trata-se de um homem, 45 anos,&hellip; <\/p>\n","protected":false},"author":2,"featured_media":173243,"comment_status":"closed","ping_status":"closed","sticky":false,"template":"","format":"standard","meta":{"sfsi_plus_gutenberg_text_before_share":"","sfsi_plus_gutenberg_show_text_before_share":"","sfsi_plus_gutenberg_icon_type":"","sfsi_plus_gutenberg_icon_alignemt":"","sfsi_plus_gutenburg_max_per_row":"","footnotes":""},"categories":[6],"tags":[],"class_list":["post-173241","post","type-post","status-publish","format-standard","has-post-thumbnail","hentry","category-cidades"],"_links":{"self":[{"href":"https:\/\/www.caririemacao.com\/1\/wp-json\/wp\/v2\/posts\/173241","targetHints":{"allow":["GET"]}}],"collection":[{"href":"https:\/\/www.caririemacao.com\/1\/wp-json\/wp\/v2\/posts"}],"about":[{"href":"https:\/\/www.caririemacao.com\/1\/wp-json\/wp\/v2\/types\/post"}],"author":[{"embeddable":true,"href":"https:\/\/www.caririemacao.com\/1\/wp-json\/wp\/v2\/users\/2"}],"replies":[{"embeddable":true,"href":"https:\/\/www.caririemacao.com\/1\/wp-json\/wp\/v2\/comments?post=173241"}],"version-history":[{"count":1,"href":"https:\/\/www.caririemacao.com\/1\/wp-json\/wp\/v2\/posts\/173241\/revisions"}],"predecessor-version":[{"id":173244,"href":"https:\/\/www.caririemacao.com\/1\/wp-json\/wp\/v2\/posts\/173241\/revisions\/173244"}],"wp:featuredmedia":[{"embeddable":true,"href":"https:\/\/www.caririemacao.com\/1\/wp-json\/wp\/v2\/media\/173243"}],"wp:attachment":[{"href":"https:\/\/www.caririemacao.com\/1\/wp-json\/wp\/v2\/media?parent=173241"}],"wp:term":[{"taxonomy":"category","embeddable":true,"href":"https:\/\/www.caririemacao.com\/1\/wp-json\/wp\/v2\/categories?post=173241"},{"taxonomy":"post_tag","embeddable":true,"href":"https:\/\/www.caririemacao.com\/1\/wp-json\/wp\/v2\/tags?post=173241"}],"curies":[{"name":"wp","href":"https:\/\/api.w.org\/{rel}","templated":true}]}}