{"id":173247,"date":"2020-06-08T06:03:30","date_gmt":"2020-06-08T09:03:30","guid":{"rendered":"https:\/\/www.caririemacao.com\/1\/?p=173247"},"modified":"2020-06-08T06:03:30","modified_gmt":"2020-06-08T09:03:30","slug":"prefeitura-de-amparo-distribui-livros-para-turmas-da-educacao-infantil","status":"publish","type":"post","link":"https:\/\/www.caririemacao.com\/1\/2020\/06\/08\/prefeitura-de-amparo-distribui-livros-para-turmas-da-educacao-infantil\/","title":{"rendered":"Prefeitura de Amparo distribui livros para turmas da Educa\u00e7\u00e3o Infantil"},"content":{"rendered":"\n<p>Com a suspens\u00e3o das aulas presenciais devido ao Covid-19 (Novo Coronav\u00edrus) e com o intuito de garantir os direitos de aprendizagem dos pequenos, a Prefeitura Municipal de Amparo, atrav\u00e9s da Secretaria Municipal de Educa\u00e7\u00e3o distribuiu livros para a Educa\u00e7\u00e3o Infantil: Maternal: III, Pr\u00e9 escola I e Pr\u00e9 Escola II.<\/p>\n\n\n\n<p>A Educa\u00e7\u00e3o Infantil, primeira etapa da educa\u00e7\u00e3o b\u00e1sica, tem como finalidade o desenvolvimento integral das crian\u00e7as de zero a cinco anos de idade em seus aspectos f\u00edsico, afetivo, intelectual, lingu\u00edstico e social, complementando a a\u00e7\u00e3o da fam\u00edlia e da comunidade (Lei 9394\/96, art.29).<\/p>\n\n\n\n<p>Sabendo que todo o processo educativo desenvolvido na Educa\u00e7\u00e3o Infantil deve garantir que as crian\u00e7as tenham experi\u00eancias variadas com diversas linguagens, \u00e9 preciso valorizar o l\u00fadico, as brincadeiras e as culturas infantis, levando em considera\u00e7\u00e3o as INTERA\u00c7\u00d5ES e BRINCADEIRAS, eixos estruturantes de todo processo educativo.<\/p>\n\n\n\n<p>Secretaria de Educa\u00e7\u00e3o<\/p>\n","protected":false},"excerpt":{"rendered":"<p>Com a suspens\u00e3o das aulas presenciais devido ao Covid-19 (Novo Coronav\u00edrus) e com o intuito de garantir os direitos de aprendizagem dos pequenos, a Prefeitura&hellip; <\/p>\n","protected":false},"author":2,"featured_media":173248,"comment_status":"closed","ping_status":"closed","sticky":false,"template":"","format":"standard","meta":{"sfsi_plus_gutenberg_text_before_share":"","sfsi_plus_gutenberg_show_text_before_share":"","sfsi_plus_gutenberg_icon_type":"","sfsi_plus_gutenberg_icon_alignemt":"","sfsi_plus_gutenburg_max_per_row":"","footnotes":""},"categories":[14],"tags":[],"class_list":["post-173247","post","type-post","status-publish","format-standard","has-post-thumbnail","hentry","category-educacao"],"_links":{"self":[{"href":"https:\/\/www.caririemacao.com\/1\/wp-json\/wp\/v2\/posts\/173247","targetHints":{"allow":["GET"]}}],"collection":[{"href":"https:\/\/www.caririemacao.com\/1\/wp-json\/wp\/v2\/posts"}],"about":[{"href":"https:\/\/www.caririemacao.com\/1\/wp-json\/wp\/v2\/types\/post"}],"author":[{"embeddable":true,"href":"https:\/\/www.caririemacao.com\/1\/wp-json\/wp\/v2\/users\/2"}],"replies":[{"embeddable":true,"href":"https:\/\/www.caririemacao.com\/1\/wp-json\/wp\/v2\/comments?post=173247"}],"version-history":[{"count":1,"href":"https:\/\/www.caririemacao.com\/1\/wp-json\/wp\/v2\/posts\/173247\/revisions"}],"predecessor-version":[{"id":173249,"href":"https:\/\/www.caririemacao.com\/1\/wp-json\/wp\/v2\/posts\/173247\/revisions\/173249"}],"wp:featuredmedia":[{"embeddable":true,"href":"https:\/\/www.caririemacao.com\/1\/wp-json\/wp\/v2\/media\/173248"}],"wp:attachment":[{"href":"https:\/\/www.caririemacao.com\/1\/wp-json\/wp\/v2\/media?parent=173247"}],"wp:term":[{"taxonomy":"category","embeddable":true,"href":"https:\/\/www.caririemacao.com\/1\/wp-json\/wp\/v2\/categories?post=173247"},{"taxonomy":"post_tag","embeddable":true,"href":"https:\/\/www.caririemacao.com\/1\/wp-json\/wp\/v2\/tags?post=173247"}],"curies":[{"name":"wp","href":"https:\/\/api.w.org\/{rel}","templated":true}]}}