{"id":173254,"date":"2020-06-08T06:07:00","date_gmt":"2020-06-08T09:07:00","guid":{"rendered":"https:\/\/www.caririemacao.com\/1\/?p=173254"},"modified":"2020-06-08T06:07:00","modified_gmt":"2020-06-08T09:07:00","slug":"paraiba-ultrapassa-os-20-mil-casos-de-covid-19-e-chega-a-484-mortes-pela-doenca-neste-domingo","status":"publish","type":"post","link":"https:\/\/www.caririemacao.com\/1\/2020\/06\/08\/paraiba-ultrapassa-os-20-mil-casos-de-covid-19-e-chega-a-484-mortes-pela-doenca-neste-domingo\/","title":{"rendered":"Para\u00edba ultrapassa os 20 mil casos de covid-19 e chega a 484 mortes pela doen\u00e7a neste domingo"},"content":{"rendered":"\n<p>A Para\u00edba registrou neste domingo (7), 523 novos casos de Covid-19 e 17 \u00f3bitos confirmados desde a \u00faltima atualiza\u00e7\u00e3o, quatro deles ocorridos nas \u00faltimas 24 horas. S\u00e3o 20.310 paraibanos que j\u00e1 contra\u00edram a doen\u00e7a, 4.236 pessoas que j\u00e1 se recuperaram e 484, infelizmente, faleceram. 64.575 testes para diagnosticar covid-19 j\u00e1 foram realizados, entre testes r\u00e1pidos e PCR.<\/p>\n\n\n\n<p>A ocupa\u00e7\u00e3o de leitos de UTI (adulto, pedi\u00e1trico e obst\u00e9trico) em todo o estado \u00e9 de 69%. Se fizermos um recorte apenas dos leitos de UTI para adultos na Regi\u00e3o Metropolitana de Jo\u00e3o Pessoa, 82% est\u00e3o ocupados. Em Campina Grande, est\u00e3o ocupados 68% de leitos de UTI adulto e no sert\u00e3o, 68%. O \u00edndice de Isolamento Social foi de apenas 41,3%, mesmo com as medidas de isolamento r\u00edgido na regi\u00e3o metropolitana de Jo\u00e3o Pessoa.<\/p>\n\n\n\n<p>Os casos confirmados est\u00e3o em 206 dos 223 munic\u00edpios paraibanos:<\/p>\n\n\n\n<p>\u00c1gua Branca (7); Aguiar (1); Alagoa Grande (118); Alagoa Nova (54); Alagoinha (179); Alcantil (4) Alhandra (194); Amparo (12); Aparecida (8); Ara\u00e7agi (76); Arara (25); Araruna (5); Areia (74); Areia de Bara\u00fanas (1); Areial (15); Aroeiras (42); Assun\u00e7\u00e3o (19); Baia da Trai\u00e7\u00e3o (64); Bananeiras (39); Bara\u00fana (53); Barra de Santa Rosa (12); Barra de Santana (23); Barra de S\u00e3o Miguel (3); Bayeux (476); Bel\u00e9m (73); Bel\u00e9m do Brejo do Cruz (3); Bernardino Batista (1); Boa Ventura (1);&nbsp; Boa Vista (42); Bom Jesus (1); Bom Sucesso (2); Bonito de Santa F\u00e9 (1); Boqueir\u00e3o (43); Borborema (2);&nbsp; Brejo do Cruz (10); Brejo dos Santos (1);&nbsp; Caapor\u00e3 (480); Cabaceiras (2); Cabedelo (1113); Cachoeira dos \u00cdndios (11); Cacimba de Areia (5); Cacimba de Dentro (30); Cacimbas (6); Cai\u00e7ara (29); Cajazeiras (143); Cajazeirinhas (1); Caldas Brand\u00e3o (22); Campina Grande (2473); Capim (52);&nbsp; Cara\u00fabas (1); Carrapateira (1); Casserengue (24); Catingueira (5), Catol\u00e9 do Rocha (66); Caturit\u00e9 (20); Concei\u00e7\u00e3o (4);&nbsp; Condado (45);&nbsp; Conde (135); Congo (11); Coremas (17); Coxixola (7); Cruz do Esp\u00edrito Santo (136); Cubati (3); Cuit\u00e9 (11);&nbsp; Cuit\u00e9 de Mamanguape (13); Cuiteg\u00ed (56); Curral de Cima (10); Curral Velho (1), Dami\u00e3o (2); Desterro (12); Diamente (1); Dona In\u00eas (3); Duas Estradas (30); Emas (1); Esperan\u00e7a (106); Fagundes (10); Gado Bravo (42);&nbsp; Guarabira (872); Gurinh\u00e9m (59); Gurj\u00e3o (15); Ibiara (5); Igaracy (2); Imaculada (9); Ing\u00e1 (93); Itabaiana (298); Itaporanga (3); Itapororoca (42); Itatuba (66); Jacara\u00fa (23); Jeric\u00f3 (2);&nbsp; Jo\u00e3o Pessoa (6004); Joca Claudino (1); Juarez T\u00e1vora (43); Juazeirinho (60);&nbsp; Junco do Serid\u00f3 (12); Juripiranga (149); Juru (5); Lagoa (3); Lagoa de Dentro (9); Lagoa Seca (143); Lastro (1); Logradouro (11); Lucena (94); M\u00e3e d&#8217;\u00c1gua (8); Malta (18); Mamanguape (340); Mana\u00edra (2); Marca\u00e7\u00e3o (8);&nbsp; Mari (155); Mariz\u00f3polis (4); Massaranduba (50); Mataraca (32); Matinhas (20); Mato Grosso (8); Matureia (11); Mogeiro (10);&nbsp; Montadas (13); Monteiro (35); Mulungu (40); Natuba (12); Nazarezinho (1); Nova Floresta (4), Nova Olinda (3); Nova Palmeira (6); Olho D\u00b4\u00c1gua (20); Olivedos (6);&nbsp; Ouro Velho (1); Passagem (13); Patos (754); Paulista (32); Pedra Lavrada (9); Pedras de Fogo (351); Pedro R\u00e9gis (1); Pianc\u00f3 (23); Picu\u00ed (31); Pilar (54); Pil\u00f5es (16); Pil\u00f5ezinhos (69); Pirpirituba (27); Pitimbu (139); Pocinhos (11);&nbsp; Pombal (82); Prata (1); Princesa Isabel (15); Puxinan\u00e3 (64);&nbsp; Queimadas (153); Quixaba (6); Rem\u00edgio (87); Riach\u00e3o (1); Riach\u00e3o do Bacamarte (118);&nbsp; Riach\u00e3o do Po\u00e7o (10); Riacho de Santo Ant\u00f4nio (5); Riacho dos Cavalos (2); Rio Tinto (97); Salgadinho (8); Salgado de S\u00e3o Felix (38); Santa Cec\u00edlia (9); Santa Cruz (1); Santa Helena (2); Santa In\u00eas (2);&nbsp; Santa Luzia (81); Santa Rita (733); Santa Terezinha (17); Santana dos Garrotes (2); Santo Andr\u00e9 (1); S\u00e3o Bentinho (12); S\u00e3o Bento (260); S\u00e3o Francisco (5);&nbsp; S\u00e3o Jo\u00e3o do Cariri (10); S\u00e3o Jo\u00e3o do Rio do Peixe (15); S\u00e3o Jo\u00e3o do Tigre (1); S\u00e3o Jos\u00e9 da Lagoa Tapada (15); S\u00e3o Jos\u00e9 de Caiana (15); S\u00e3o Jos\u00e9 de Espinharas (4); S\u00e3o Jos\u00e9 de Piranhas (9); S\u00e3o Jos\u00e9 do Bonfim (17); S\u00e3o Jos\u00e9 do Sabugi (84); S\u00e3o Jos\u00e9 dos Cordeiros (3); S\u00e3o Jos\u00e9 dos Ramos (21); S\u00e3o Mamede (19); S\u00e3o Miguel de Taipu (38); S\u00e3o Sebasti\u00e3o de Lagoa de Ro\u00e7a (35); S\u00e3o Sebasti\u00e3o do Umbuzeiro (4); S\u00e3o Vicente do Serid\u00f3 (17); Sap\u00e9 (287); Serra Branca (3); Serra da Ra\u00edz (11); Serra Grande (1); Serra Redonda (63); Serraria (14); Sert\u00e3ozinho (18); Sobrado (29); Sol\u00e2nea (93); Soledade (19); Sousa (299); Sum\u00e9 (39); Tacima (30); Tapero\u00e1 (35); Tavares (8); Teixeira (28); Ten\u00f3rio (2); Uira\u00fana (5); Umbuzeiro (17); V\u00e1rzea (1); Vieir\u00f3polis (3); Vista Serrana (1).<\/p>\n\n\n\n<p>*Dados Oficiais preliminares (fonte e-sus VE e SIVEP) extra\u00eddos \u00e0s 10h do dia 07\/06 sujeitos a revis\u00e3o.<\/p>\n\n\n\n<p>17 \u00f3bitos foram confirmados, 04&nbsp; deles ocorridos nas \u00faltimas 24h<\/p>\n\n\n\n<p>Homem, 85 anos, residente no munic\u00edpio de Bayeux. Portador de doen\u00e7a neurol\u00f3gica, cardiopatia e doen\u00e7a respirat\u00f3ria. In\u00edcio dos sintomas em 10\/05. Internado em hospital p\u00fablico. Veio a \u00f3bito em 16\/05.<\/p>\n\n\n\n<p>Mulher, 41 anos, residente no munic\u00edpio de Bayeux. Sem informa\u00e7\u00e3o de comorbidades. In\u00edcio dos sintomas em 01\/05. Interna em hospital p\u00fablico. Veio a \u00f3bito em 19\/05.<\/p>\n\n\n\n<p>Homem, 41 anos, residente em Campina Grande. Cardiopata. In\u00edcio dos sintomas em 04\/05, internado em hospital p\u00fablico. Veio a \u00f3bito em 17\/05.<\/p>\n\n\n\n<p>Homem, 63 anos. Residente em Campina Grande. Portador de doen\u00e7a renal. In\u00edcio dos sintomas em 03\/05. Interno em hospital p\u00fablico, veio a \u00f3bito em 14\/05.<\/p>\n\n\n\n<p>Mulher, 80 anos. Residente em Campina Grande. Hipertensa. In\u00edcio dos sintomas em 10\/05. Interna em hospital p\u00fablico. Veio a \u00f3bito em 25\/05.<\/p>\n\n\n\n<p>Mulher, 76 anos. Residente em Jacara\u00fa. Hipertensa. In\u00edcio dos sintomas em 30\/05. Interna em hospital p\u00fablico. Veio a \u00f3bito em 03\/06.<\/p>\n\n\n\n<p>Mulher, 87 anos. Residente em Jo\u00e3o Pessoa. Cardiopata. In\u00edcio dos sintomas em 28\/05. Interna em hospital p\u00fablico. Veio a \u00f3bito em 01\/06.<\/p>\n\n\n\n<p>Mulher, 70 anos. Residente em Jo\u00e3o Pessoa. Cardiopata. In\u00edcio dos sintomas em 03\/05. interna em hospital P\u00fablico, veio a \u00f3bito em 04\/06.<\/p>\n\n\n\n<p>Homem, 46 anos. Residente em Jo\u00e3o Pessoa. Sem comorbidades. In\u00edcio dos sintomas em 02\/06. Interno em hospital p\u00fablico, veio a \u00f3bito em 03\/06.<\/p>\n\n\n\n<p>Homem, 55 anos. Residente em Mamanguape. Sem comorbidade. In\u00edcio dos sintomas em 25\/05. interno em hospital p\u00fablico, veio a \u00f3bito em 05\/06.<\/p>\n\n\n\n<p>Homem, 59 anos. Residente em Mamanguape. Sem informa\u00e7\u00e3o de comorbidade. In\u00edcio dos sintomas em 19\/05. Interno em hospital p\u00fablico, veio a \u00f3bito em 28\/05.<\/p>\n\n\n\n<p>Homem, 76 anos. Residente em Rio Tinto. Portador de doen\u00e7a neurol\u00f3gica. In\u00edcio dos sintomas em 27\/05. Interno em hospital p\u00fablico, veio a \u00f3bito em 05\/06.<\/p>\n\n\n\n<p>Homem, 69 anos. Residente em Santa Rita. Sem informa\u00e7\u00e3o de comorbidade. In\u00edcio dos sintomas em 27\/05. Interno em hospital p\u00fablico, veio a \u00f3bito em 07\/06.<\/p>\n\n\n\n<p>Homem, 76 anos. Residente em Santa Rita. Hipertenso, diab\u00e9tico. In\u00edcio dos sintomas em 27\/05. Interno em Hospital P\u00fablico, veio a \u00f3bito em 06\/06.<\/p>\n\n\n\n<p>Homem, 80 anos. Residente em Santa Rita. Hipertenso. In\u00edcio dos sintomas em 11\/05, interno em hospital p\u00fablico, veio a \u00f3bito em 18\/05.<\/p>\n\n\n\n<p>Mulher, 75 anos. Residente em Sap\u00e9. Sem comorbidades. In\u00edcio dos sintomas em 01\/06, interna em hospital p\u00fablico. Veio a \u00f3bito em 06\/06.<\/p>\n\n\n\n<p>Homem, 77 anos. Residente em Sap\u00e9. Sem comorbidades. In\u00edcio dos sintomas em 04\/06. Interno em hospital p\u00fablico, veio a \u00f3bito em 06\/06<\/p>\n","protected":false},"excerpt":{"rendered":"<p>A Para\u00edba registrou neste domingo (7), 523 novos casos de Covid-19 e 17 \u00f3bitos confirmados desde a \u00faltima atualiza\u00e7\u00e3o, quatro deles ocorridos nas \u00faltimas 24&hellip; <\/p>\n","protected":false},"author":2,"featured_media":171868,"comment_status":"closed","ping_status":"closed","sticky":false,"template":"","format":"standard","meta":{"sfsi_plus_gutenberg_text_before_share":"","sfsi_plus_gutenberg_show_text_before_share":"","sfsi_plus_gutenberg_icon_type":"","sfsi_plus_gutenberg_icon_alignemt":"","sfsi_plus_gutenburg_max_per_row":"","footnotes":""},"categories":[16],"tags":[],"class_list":["post-173254","post","type-post","status-publish","format-standard","has-post-thumbnail","hentry","category-saude"],"_links":{"self":[{"href":"https:\/\/www.caririemacao.com\/1\/wp-json\/wp\/v2\/posts\/173254","targetHints":{"allow":["GET"]}}],"collection":[{"href":"https:\/\/www.caririemacao.com\/1\/wp-json\/wp\/v2\/posts"}],"about":[{"href":"https:\/\/www.caririemacao.com\/1\/wp-json\/wp\/v2\/types\/post"}],"author":[{"embeddable":true,"href":"https:\/\/www.caririemacao.com\/1\/wp-json\/wp\/v2\/users\/2"}],"replies":[{"embeddable":true,"href":"https:\/\/www.caririemacao.com\/1\/wp-json\/wp\/v2\/comments?post=173254"}],"version-history":[{"count":1,"href":"https:\/\/www.caririemacao.com\/1\/wp-json\/wp\/v2\/posts\/173254\/revisions"}],"predecessor-version":[{"id":173256,"href":"https:\/\/www.caririemacao.com\/1\/wp-json\/wp\/v2\/posts\/173254\/revisions\/173256"}],"wp:featuredmedia":[{"embeddable":true,"href":"https:\/\/www.caririemacao.com\/1\/wp-json\/wp\/v2\/media\/171868"}],"wp:attachment":[{"href":"https:\/\/www.caririemacao.com\/1\/wp-json\/wp\/v2\/media?parent=173254"}],"wp:term":[{"taxonomy":"category","embeddable":true,"href":"https:\/\/www.caririemacao.com\/1\/wp-json\/wp\/v2\/categories?post=173254"},{"taxonomy":"post_tag","embeddable":true,"href":"https:\/\/www.caririemacao.com\/1\/wp-json\/wp\/v2\/tags?post=173254"}],"curies":[{"name":"wp","href":"https:\/\/api.w.org\/{rel}","templated":true}]}}