{"id":173258,"date":"2020-06-08T06:10:19","date_gmt":"2020-06-08T09:10:19","guid":{"rendered":"https:\/\/www.caririemacao.com\/1\/?p=173258"},"modified":"2020-06-08T06:10:19","modified_gmt":"2020-06-08T09:10:19","slug":"com-medo-da-morte-pela-faccao-mae-entrega-localizacao-do-filho-que-humilhou-e-agrediu-crianca","status":"publish","type":"post","link":"https:\/\/www.caririemacao.com\/1\/2020\/06\/08\/com-medo-da-morte-pela-faccao-mae-entrega-localizacao-do-filho-que-humilhou-e-agrediu-crianca\/","title":{"rendered":"Com medo da morte pela fac\u00e7\u00e3o, m\u00e3e entrega localiza\u00e7\u00e3o do filho que humilhou e agrediu crian\u00e7a"},"content":{"rendered":"\n<p>Ao ver a reportagem da pris\u00e3o do filho, a m\u00e3e de Rodrigo Nogueira Fonseca,\u00a0 24 anos, capturado na manh\u00e3 deste s\u00e1bado (6), em uma quitinete no bairro L\u00edrio do Vale (Zona Oeste de Manaus), por filmar agress\u00f5es feitas ao pr\u00f3prio filho de 1 ano e 10 meses, n\u00e3o conteve as l\u00e1grimas ao presenciar o drama familiar exposto para toda a sociedade amazonense.\u00a0<\/p>\n\n\n\n<p>A m\u00e3e do acusado esteve presente no pr\u00e9dio da Delegacia Especializada em Prote\u00e7\u00e3o \u00e0 Crian\u00e7a e ao Adolescente (Depca), acompanhando a chegada do filho e a apresenta\u00e7\u00e3o \u00e0s autoridades policiais.<\/p>\n\n\n\n<p>Conforme o capit\u00e3o Carp\u00ea Andrade, da 8\u00aa Companhia Interativa Comunit\u00e1ria (Cicom), a m\u00e3e ajudou os policiais informando a localiza\u00e7\u00e3o de Rodrigo. \u201cConversei com a m\u00e3e dele sobre a possibilidade de Rodrigo se entregar \u00e0 pol\u00edcia. At\u00e9 porqu\u00ea ele estava sendo amea\u00e7ado por integrantes de uma fac\u00e7\u00e3o criminosa. Ela entendeu a import\u00e2ncia de o localizarmos e colaborou com as dilig\u00eancias\u201d, explicou o capit\u00e3o.\u00a0<\/p>\n\n\n\n<p>At\u00e9 o momento do fechamento desta mat\u00e9ria, Rodrigo ainda estava prestando esclarecimentos para a delegada Joyce Coelho, na Depca. Ele deve permanecer \u00e0 disposi\u00e7\u00e3o para os procedimentos cab\u00edveis.<\/p>\n\n\n\n<p>Com Expresso do Sert\u00e3o<\/p>\n","protected":false},"excerpt":{"rendered":"<p>Ao ver a reportagem da pris\u00e3o do filho, a m\u00e3e de Rodrigo Nogueira Fonseca,\u00a0 24 anos, capturado na manh\u00e3 deste s\u00e1bado (6), em uma quitinete&hellip; <\/p>\n","protected":false},"author":1,"featured_media":173260,"comment_status":"closed","ping_status":"closed","sticky":false,"template":"","format":"standard","meta":{"sfsi_plus_gutenberg_text_before_share":"","sfsi_plus_gutenberg_show_text_before_share":"","sfsi_plus_gutenberg_icon_type":"","sfsi_plus_gutenberg_icon_alignemt":"","sfsi_plus_gutenburg_max_per_row":"","footnotes":""},"categories":[12],"tags":[],"class_list":["post-173258","post","type-post","status-publish","format-standard","has-post-thumbnail","hentry","category-policia"],"_links":{"self":[{"href":"https:\/\/www.caririemacao.com\/1\/wp-json\/wp\/v2\/posts\/173258","targetHints":{"allow":["GET"]}}],"collection":[{"href":"https:\/\/www.caririemacao.com\/1\/wp-json\/wp\/v2\/posts"}],"about":[{"href":"https:\/\/www.caririemacao.com\/1\/wp-json\/wp\/v2\/types\/post"}],"author":[{"embeddable":true,"href":"https:\/\/www.caririemacao.com\/1\/wp-json\/wp\/v2\/users\/1"}],"replies":[{"embeddable":true,"href":"https:\/\/www.caririemacao.com\/1\/wp-json\/wp\/v2\/comments?post=173258"}],"version-history":[{"count":1,"href":"https:\/\/www.caririemacao.com\/1\/wp-json\/wp\/v2\/posts\/173258\/revisions"}],"predecessor-version":[{"id":173262,"href":"https:\/\/www.caririemacao.com\/1\/wp-json\/wp\/v2\/posts\/173258\/revisions\/173262"}],"wp:featuredmedia":[{"embeddable":true,"href":"https:\/\/www.caririemacao.com\/1\/wp-json\/wp\/v2\/media\/173260"}],"wp:attachment":[{"href":"https:\/\/www.caririemacao.com\/1\/wp-json\/wp\/v2\/media?parent=173258"}],"wp:term":[{"taxonomy":"category","embeddable":true,"href":"https:\/\/www.caririemacao.com\/1\/wp-json\/wp\/v2\/categories?post=173258"},{"taxonomy":"post_tag","embeddable":true,"href":"https:\/\/www.caririemacao.com\/1\/wp-json\/wp\/v2\/tags?post=173258"}],"curies":[{"name":"wp","href":"https:\/\/api.w.org\/{rel}","templated":true}]}}