{"id":173259,"date":"2020-06-08T06:10:28","date_gmt":"2020-06-08T09:10:28","guid":{"rendered":"https:\/\/www.caririemacao.com\/1\/?p=173259"},"modified":"2020-06-08T06:10:28","modified_gmt":"2020-06-08T09:10:28","slug":"manifestantes-pro-bolsonaro-voltam-a-pedir-intervencao-militar","status":"publish","type":"post","link":"https:\/\/www.caririemacao.com\/1\/2020\/06\/08\/manifestantes-pro-bolsonaro-voltam-a-pedir-intervencao-militar\/","title":{"rendered":"Manifestantes pr\u00f3-Bolsonaro voltam a pedir interven\u00e7\u00e3o militar"},"content":{"rendered":"\n<p>Com faixas defendendo interven\u00e7\u00e3o militar, cr\u00edticas ao governador Jo\u00e3o Doria e aplausos \u00e0 Pol\u00edcia Militar, um grupo de cerca de cem pessoas ignorou o pedido do presidente Jair Bolsonaro (sem partido) e promove uma manifesta\u00e7\u00e3o na avenida Paulista, em S\u00e3o Paulo.<\/p>\n\n\n\n<p>\u201cQuem manda no pa\u00eds \u00e9 o povo, n\u00e3o \u00e9 o presidente. Estamos aqui porque \u00e9 preciso prender os 11 ministros do Supremo e no m\u00ednimo uns 400 deputados corruptos\u201d, disse o microempreendedor Johnny, que n\u00e3o quis dar o sobrenome.<\/p>\n\n\n\n<p>Ele e tr\u00eas colegas mostravam uma faixa pedindo \u201cInterven\u00e7\u00e3o militar com Bolsonaro no poder\u201d e a elabora\u00e7\u00e3o de uma nova Constitui\u00e7\u00e3o com a criminaliza\u00e7\u00e3o do comunismo.<\/p>\n\n\n\n<p>\u201cQueremos que seja aplicado o artigo 1 da Constitui\u00e7\u00e3o, que diz que todo poder emana do povo\u201d, disse seu colega Fl\u00e1vio Zaniuth, caminhoneiro.<\/p>\n\n\n\n<p>Cerca de 20 policiais militares acompanharam o ato. N\u00e3o houve presen\u00e7a de opositores de Bolsonaro, com exce\u00e7\u00e3o de pessoas que passavam em carros xingando os manifestantes.<\/p>\n\n\n\n<p>Portadores de mochilas foram revistados, e faixas com peda\u00e7os de madeira n\u00e3o foram permitidas.<\/p>\n\n\n\n<p>Outra faixa atacava diretamente Doria. \u201cDoria \u00e9 um bosta. Bolsonaro tem raz\u00e3o\u201d, diz, repetindo ofensa dirigida ao governador pelo presidente durante reuni\u00e3o ministerial.<\/p>\n\n\n\n<p>O t\u00e9cnico em inform\u00e1tica Silvio Luiz Lussari segurava uma faixa dizendo que \u201cnenhum poder vai se sobrepor ao outro\u201d.<\/p>\n\n\n\n<p>\u201cO problema n\u00e3o s\u00e3o as institui\u00e7\u00f5es, mas as pessoas que est\u00e3o l\u00e1. \u00c9 como numa firma, tem que trocar o gerente se n\u00e3o est\u00e1 funcionando\u201d, diz ele.<\/p>\n\n\n\n<p>Ele diz que perdeu 70% de sua clientela em raz\u00e3o da pandemia.<\/p>\n\n\n\n<p>\u201cAcho um exagero esse isolamento. Nos primeiros 15 dias eu respeitei, mas j\u00e1 passou do limite\u201d, disse Lussari, que n\u00e3o usava m\u00e1scara.<\/p>\n\n\n\n<p>Diversos participantes levaram pautas mais espec\u00edficas. Um pequeno grupo pertencente ao Apostolado Santo In\u00e1cio de Loyola pedia que Doria autorize a reabertura de igrejas.<\/p>\n\n\n\n<p>\u201cQuem deve reger a igreja \u00e9 o santo papa. O poder temporal n\u00e3o tem poder sobre o poder espiritual, isso est\u00e1 claro na Constitui\u00e7\u00e3o\u201d, disse Liham de Oliveira Santos, membro da organiza\u00e7\u00e3o, que \u00e9 formada por leigos cat\u00f3licos.<\/p>\n\n\n\n<p>Todo domingo, o grupo sai em prociss\u00e3o pela Paulista, pedindo o fim da pandemia.<\/p>\n\n\n\n<p>As cabeleireiras Lucia Xavier e Selma Borges foram \u00e0 avenida gritar \u201cfora Doria\u201d<\/p>\n\n\n\n<p>\u201cQuem votou em Doria vai pegar corona\u201d, gritava Lucia, envolta na bandeira do estado de S\u00e3o Paulo.<\/p>\n\n\n\n<p>Segundo Selma, n\u00e3o \u00e9 poss\u00edvel pagar R$ 3.500 de aluguel sem renda.<\/p>\n\n\n\n<p>\u201cCaixa de mercado n\u00e3o pega Covid tamb\u00e9m? Por que eles est\u00e3o abertos? Meu sal\u00e3o \u00e9 de beleza e sa\u00fade\u201d, disse.<\/p>\n\n\n\n<p>A manifesta\u00e7\u00e3o transcorreu de forma pac\u00edfica na maior parte do tempo, com algumas situa\u00e7\u00f5es pontuais mais acaloradas, especialmente de pessoas que passavam xingando de dentro de carros.<\/p>\n\n\n\n<p>Numa delas, o sem\u00e1foro fechou bem em frente \u00e0 esquina onde o ato ocorria, e o carro foi cercado. Um homem chegou a bater na porta do carro, mas foi contido por outros manifestantes.<\/p>\n\n\n\n<p>Tamb\u00e9m houve hostilidade pontual \u00e0 imprensa. Uma equipe da r\u00e1dio Jovem Pan foi obrigado a se afastar do local quando algumas pessoas come\u00e7aram a gritar que faziam \u201cassessoria de imprensa do crime organizado\u201d.<\/p>\n\n\n\n<p>No fim da manh\u00e3, perto do cruzamento com a rua Augusta, a Pol\u00edcia Militar apreendeu coquet\u00e9is molotov, gasolina, spray e garrafas de vidro. Duas pessoas foram detidas. At\u00e9 as 15h, a Secretaria de Seguran\u00e7a P\u00fablica n\u00e3o tinha mais informa\u00e7\u00f5es sobre o caso.<\/p>\n\n\n\n<p>Pelo Twitter, a deputada federal Carla Zambelli (PSL) parabenizou a pol\u00edcia pela apreens\u00e3o e disse: \u201cProtesto democr\u00e1tico\u201d, marcando alguns ve\u00edculos de imprensa e o presidente da C\u00e2mara Rodrigo Maia (DEM).<\/p>\n\n\n\n<p>O deputado federal Eduardo Bolsonaro (PSL) tamb\u00e9m comentou o fato na rede social. \u201cPol\u00edcia faz apreens\u00f5es de coquet\u00e9is molotov e armas brancas. Mas \u00e9 tudo pela democracia t\u00e1, s\u00f3 iriam incendiar quem merecesse\u2026\u201d, escreveu.<\/p>\n\n\n\n<p>No Largo da Batata (zona oeste da capital) manifestantes ligados ao movimento negro, ao MTST (Movimento dos Trabalhadores Sem-Teto) e a torcidas organizadas de times de futebol se re\u00fanem na tarde deste domingo (7) para uma manifesta\u00e7\u00e3o contra o governo Bolsonaro e o racismo e a favor da democracia.<\/p>\n","protected":false},"excerpt":{"rendered":"<p>Com faixas defendendo interven\u00e7\u00e3o militar, cr\u00edticas ao governador Jo\u00e3o Doria e aplausos \u00e0 Pol\u00edcia Militar, um grupo de cerca de cem pessoas ignorou o pedido&hellip; <\/p>\n","protected":false},"author":2,"featured_media":173261,"comment_status":"closed","ping_status":"closed","sticky":false,"template":"","format":"standard","meta":{"sfsi_plus_gutenberg_text_before_share":"","sfsi_plus_gutenberg_show_text_before_share":"","sfsi_plus_gutenberg_icon_type":"","sfsi_plus_gutenberg_icon_alignemt":"","sfsi_plus_gutenburg_max_per_row":"","footnotes":""},"categories":[11],"tags":[],"class_list":["post-173259","post","type-post","status-publish","format-standard","has-post-thumbnail","hentry","category-politica"],"_links":{"self":[{"href":"https:\/\/www.caririemacao.com\/1\/wp-json\/wp\/v2\/posts\/173259","targetHints":{"allow":["GET"]}}],"collection":[{"href":"https:\/\/www.caririemacao.com\/1\/wp-json\/wp\/v2\/posts"}],"about":[{"href":"https:\/\/www.caririemacao.com\/1\/wp-json\/wp\/v2\/types\/post"}],"author":[{"embeddable":true,"href":"https:\/\/www.caririemacao.com\/1\/wp-json\/wp\/v2\/users\/2"}],"replies":[{"embeddable":true,"href":"https:\/\/www.caririemacao.com\/1\/wp-json\/wp\/v2\/comments?post=173259"}],"version-history":[{"count":1,"href":"https:\/\/www.caririemacao.com\/1\/wp-json\/wp\/v2\/posts\/173259\/revisions"}],"predecessor-version":[{"id":173263,"href":"https:\/\/www.caririemacao.com\/1\/wp-json\/wp\/v2\/posts\/173259\/revisions\/173263"}],"wp:featuredmedia":[{"embeddable":true,"href":"https:\/\/www.caririemacao.com\/1\/wp-json\/wp\/v2\/media\/173261"}],"wp:attachment":[{"href":"https:\/\/www.caririemacao.com\/1\/wp-json\/wp\/v2\/media?parent=173259"}],"wp:term":[{"taxonomy":"category","embeddable":true,"href":"https:\/\/www.caririemacao.com\/1\/wp-json\/wp\/v2\/categories?post=173259"},{"taxonomy":"post_tag","embeddable":true,"href":"https:\/\/www.caririemacao.com\/1\/wp-json\/wp\/v2\/tags?post=173259"}],"curies":[{"name":"wp","href":"https:\/\/api.w.org\/{rel}","templated":true}]}}