{"id":173265,"date":"2020-06-08T06:15:32","date_gmt":"2020-06-08T09:15:32","guid":{"rendered":"https:\/\/www.caririemacao.com\/1\/?p=173265"},"modified":"2020-06-08T06:15:32","modified_gmt":"2020-06-08T09:15:32","slug":"paulo-camara-afirma-que-pernambuco-zerou-a-fila-de-espera-por-uti-no-estado-aos-pacientes-de-covid-19","status":"publish","type":"post","link":"https:\/\/www.caririemacao.com\/1\/2020\/06\/08\/paulo-camara-afirma-que-pernambuco-zerou-a-fila-de-espera-por-uti-no-estado-aos-pacientes-de-covid-19\/","title":{"rendered":"Paulo C\u00e2mara afirma que Pernambuco zerou a fila de espera por UTI no estado aos pacientes de Covid-19"},"content":{"rendered":"\n<p>O governador de Pernambuco, Paulo C\u00e2mara (PSB), utilizou a rede social neste domingo, 07 de junho, para divulgar pronunciamento e informar que atingiu nesta data, a conquista de zerar a fila de UTI na rede estadual de sa\u00fade para pacientes com Covid-19.<\/p>\n\n\n\n<blockquote class=\"wp-block-quote is-layout-flow wp-block-quote-is-layout-flow\"><p>\u201cNeste domingo, conseguimos zerar a fila de UTI na rede estadual de sa\u00fade. Nos momentos mais dif\u00edceis, chegamos a ter mais de 300 pessoas em uma fila por um leito de terapia intensiva\u201d.<\/p><\/blockquote>\n\n\n\n<p>Ressaltou ainda que desde o in\u00edcio da pandemia o trabalho tem sido di\u00e1rio em busca de garantir assist\u00eancia aos pernambucanos e que junto com a Prefeitura do Recife esfor\u00e7os foram somados.<\/p>\n\n\n\n<blockquote class=\"wp-block-quote is-layout-flow wp-block-quote-is-layout-flow\"><p>\u201cSomamos esfor\u00e7os e, junto com a Prefeitura do Recife, abrimos 2.407 leitos, sendo 900 de UTI e 1.507 de enfermaria. Mas essa marca n\u00e3o nos permite relaxar os cuidados que j\u00e1 fazem parte do nosso dia a dia\u201d.<\/p><\/blockquote>\n\n\n\n<p>Paulo C\u00e2mara refor\u00e7ou que a marca n\u00e3o permite relaxar os cuidados que j\u00e1 fazem parte do dia a dia de todos os pernambucanos.<\/p>\n\n\n\n<blockquote class=\"wp-block-quote is-layout-flow wp-block-quote-is-layout-flow\"><p>Usar m\u00e1scaras sempre que precisarmos sair de casa e lavar as m\u00e3os constantemente continuam fazendo parte da nossa rotina, enquanto n\u00e3o tivermos uma vacina para combater esse v\u00edrus.<\/p><\/blockquote>\n\n\n\n<p>Por fim, o governador relembrou o retorno gradual&nbsp; do Plano de Conviv\u00eancia com a Covid-19, retomando as atividades econ\u00f4micas em diversos setores a partir desta segunda-feira, dia 08 de junho, e demais servi\u00e7os no decorrer da semana e pr\u00f3ximos dias.<\/p>\n\n\n\n<p>Acompanhe o pronunciamento completo:<\/p>\n\n\n\n<p><em>\u201cPessoal, desde o in\u00edcio do registro dos primeiros casos de coronav\u00edrus no estado, temos trabalhado diariamente buscando garantir assist\u00eancia aos pernambucanos. Neste domingo, conseguimos zerar a fila de UTI na rede estadual de sa\u00fade. Nos momentos mais dif\u00edceis, chegamos a ter mais de 300 pessoas em uma fila por um leito de terapia intensiva. Somamos esfor\u00e7os e, junto com a Prefeitura do Recife, abrimos 2.407 leitos, sendo 900 de UTI e 1.507 de enfermaria. Mas essa marca n\u00e3o nos permite relaxar os cuidados que j\u00e1 fazem parte do nosso dia a dia. Pelo contr\u00e1rio. Usar m\u00e1scaras sempre que precisarmos sair de casa e lavar as m\u00e3os constantemente continuam fazendo parte da nossa rotina, enquanto n\u00e3o tivermos uma vacina para combater esse v\u00edrus. A partir desta segunda-feira, iniciaremos mais uma etapa do nosso Plano de Conviv\u00eancia com a Covid-19, com a retomada das atividades da constru\u00e7\u00e3o civil, com\u00e9rcio atacadista, centros comerciais e shoppings funcionando para delivery e no modelo drive thru. \u00c9 um momento de muita responsabilidade e comprometimento de todos\u201d.<\/em><\/p>\n\n\n\n<p><\/p>\n","protected":false},"excerpt":{"rendered":"<p>O governador de Pernambuco, Paulo C\u00e2mara (PSB), utilizou a rede social neste domingo, 07 de junho, para divulgar pronunciamento e informar que atingiu nesta data,&hellip; <\/p>\n","protected":false},"author":1,"featured_media":173266,"comment_status":"closed","ping_status":"closed","sticky":false,"template":"","format":"standard","meta":{"sfsi_plus_gutenberg_text_before_share":"","sfsi_plus_gutenberg_show_text_before_share":"","sfsi_plus_gutenberg_icon_type":"","sfsi_plus_gutenberg_icon_alignemt":"","sfsi_plus_gutenburg_max_per_row":"","footnotes":""},"categories":[2,16],"tags":[],"class_list":["post-173265","post","type-post","status-publish","format-standard","has-post-thumbnail","hentry","category-geral","category-saude"],"_links":{"self":[{"href":"https:\/\/www.caririemacao.com\/1\/wp-json\/wp\/v2\/posts\/173265","targetHints":{"allow":["GET"]}}],"collection":[{"href":"https:\/\/www.caririemacao.com\/1\/wp-json\/wp\/v2\/posts"}],"about":[{"href":"https:\/\/www.caririemacao.com\/1\/wp-json\/wp\/v2\/types\/post"}],"author":[{"embeddable":true,"href":"https:\/\/www.caririemacao.com\/1\/wp-json\/wp\/v2\/users\/1"}],"replies":[{"embeddable":true,"href":"https:\/\/www.caririemacao.com\/1\/wp-json\/wp\/v2\/comments?post=173265"}],"version-history":[{"count":1,"href":"https:\/\/www.caririemacao.com\/1\/wp-json\/wp\/v2\/posts\/173265\/revisions"}],"predecessor-version":[{"id":173267,"href":"https:\/\/www.caririemacao.com\/1\/wp-json\/wp\/v2\/posts\/173265\/revisions\/173267"}],"wp:featuredmedia":[{"embeddable":true,"href":"https:\/\/www.caririemacao.com\/1\/wp-json\/wp\/v2\/media\/173266"}],"wp:attachment":[{"href":"https:\/\/www.caririemacao.com\/1\/wp-json\/wp\/v2\/media?parent=173265"}],"wp:term":[{"taxonomy":"category","embeddable":true,"href":"https:\/\/www.caririemacao.com\/1\/wp-json\/wp\/v2\/categories?post=173265"},{"taxonomy":"post_tag","embeddable":true,"href":"https:\/\/www.caririemacao.com\/1\/wp-json\/wp\/v2\/tags?post=173265"}],"curies":[{"name":"wp","href":"https:\/\/api.w.org\/{rel}","templated":true}]}}