{"id":173271,"date":"2020-06-08T06:22:10","date_gmt":"2020-06-08T09:22:10","guid":{"rendered":"https:\/\/www.caririemacao.com\/1\/?p=173271"},"modified":"2020-06-08T06:22:10","modified_gmt":"2020-06-08T09:22:10","slug":"em-protesto-contra-bolsonaro-manifestantes-espalham-cruzes-em-praia-de-joao-pessoa","status":"publish","type":"post","link":"https:\/\/www.caririemacao.com\/1\/2020\/06\/08\/em-protesto-contra-bolsonaro-manifestantes-espalham-cruzes-em-praia-de-joao-pessoa\/","title":{"rendered":"Em protesto contra Bolsonaro, manifestantes espalham cruzes em praia de Jo\u00e3o Pessoa"},"content":{"rendered":"\n<p>A praia de Tamba\u00fa, em Jo\u00e3o Pessoa, amanheceu neste domingo (7) com v\u00e1rias cruzes espalhadas pela areia. A a\u00e7\u00e3o foi um protesto contra o presidente Jair Bolsonaro (sem partido). O ato simb\u00f3lico de espalhar cruzes na praia foi para lembrar os mortos pela pandemia do novo coronav\u00edrus (Sars-Cov-2) e protestar contra as medidas adotadas pelo governo federal para combater a Covid-19.<\/p>\n\n\n\n<p>Os manifestantes se identificaram como \u201cmilitantes de diversas \u00e1reas, organizadas e organizados em grupo de WhatsApp\u201d. Segundo um dos organizadores do protesto, o presidente do Psol na Para\u00edba, T\u00e1rcio Teixeira, a a\u00e7\u00e3o integra uma mobiliza\u00e7\u00e3o nacional marcada para este domingo (7) contra o presidente Bolsonaro.<\/p>\n\n\n\n<p>A ideia da interven\u00e7\u00e3o visual como protesto foi de demonstrar indigna\u00e7\u00e3o contra o governo federal, mas respeitando as medidas de distanciamento, uso de m\u00e1scaras e o isolamento social r\u00edgido estabelecido na regi\u00e3o metropolitana de Jo\u00e3o Pessoa, que teve in\u00edcio no dia 1\u00b0 de junho.<\/p>\n\n\n\n<p>Al\u00e9m das cruzes, os manifestantes levaram um boneco com o rosto do presidente da rep\u00fablica e cartazes pedindo a sa\u00edda de Jair Bolsonaro do governo. O ato tamb\u00e9m serviu para refor\u00e7ar a luta contra o racismo, pelas mortes recentes dos meninos Jo\u00e3o Pedro e Miguel.<\/p>\n\n\n\n<p>\u201cO ato simb\u00f3lico teve como objetivo mostrar a indigna\u00e7\u00e3o para com o governo Bolsonaro, que vem tomando medidas contr\u00e1rias a comunidade internacional e cient\u00edfica, tomando inclusive rumos autoritaristas, passando a omitir os n\u00fameros totais de v\u00edtimas da Covid-19\u201d, afirma a nota encaminhada pelos organizadores do protesto.<\/p>\n\n\n\n<p><strong>Fonte:<\/strong> G1-PB<\/p>\n","protected":false},"excerpt":{"rendered":"<p>A praia de Tamba\u00fa, em Jo\u00e3o Pessoa, amanheceu neste domingo (7) com v\u00e1rias cruzes espalhadas pela areia. A a\u00e7\u00e3o foi um protesto contra o presidente&hellip; <\/p>\n","protected":false},"author":1,"featured_media":173275,"comment_status":"closed","ping_status":"closed","sticky":false,"template":"","format":"standard","meta":{"sfsi_plus_gutenberg_text_before_share":"","sfsi_plus_gutenberg_show_text_before_share":"","sfsi_plus_gutenberg_icon_type":"","sfsi_plus_gutenberg_icon_alignemt":"","sfsi_plus_gutenburg_max_per_row":"","footnotes":""},"categories":[50],"tags":[],"class_list":["post-173271","post","type-post","status-publish","format-standard","has-post-thumbnail","hentry","category-destaque"],"_links":{"self":[{"href":"https:\/\/www.caririemacao.com\/1\/wp-json\/wp\/v2\/posts\/173271","targetHints":{"allow":["GET"]}}],"collection":[{"href":"https:\/\/www.caririemacao.com\/1\/wp-json\/wp\/v2\/posts"}],"about":[{"href":"https:\/\/www.caririemacao.com\/1\/wp-json\/wp\/v2\/types\/post"}],"author":[{"embeddable":true,"href":"https:\/\/www.caririemacao.com\/1\/wp-json\/wp\/v2\/users\/1"}],"replies":[{"embeddable":true,"href":"https:\/\/www.caririemacao.com\/1\/wp-json\/wp\/v2\/comments?post=173271"}],"version-history":[{"count":1,"href":"https:\/\/www.caririemacao.com\/1\/wp-json\/wp\/v2\/posts\/173271\/revisions"}],"predecessor-version":[{"id":173277,"href":"https:\/\/www.caririemacao.com\/1\/wp-json\/wp\/v2\/posts\/173271\/revisions\/173277"}],"wp:featuredmedia":[{"embeddable":true,"href":"https:\/\/www.caririemacao.com\/1\/wp-json\/wp\/v2\/media\/173275"}],"wp:attachment":[{"href":"https:\/\/www.caririemacao.com\/1\/wp-json\/wp\/v2\/media?parent=173271"}],"wp:term":[{"taxonomy":"category","embeddable":true,"href":"https:\/\/www.caririemacao.com\/1\/wp-json\/wp\/v2\/categories?post=173271"},{"taxonomy":"post_tag","embeddable":true,"href":"https:\/\/www.caririemacao.com\/1\/wp-json\/wp\/v2\/tags?post=173271"}],"curies":[{"name":"wp","href":"https:\/\/api.w.org\/{rel}","templated":true}]}}