{"id":173272,"date":"2020-06-08T06:20:30","date_gmt":"2020-06-08T09:20:30","guid":{"rendered":"https:\/\/www.caririemacao.com\/1\/?p=173272"},"modified":"2020-06-08T06:20:30","modified_gmt":"2020-06-08T09:20:30","slug":"governo-nao-quer-esconder-os-dados-basta-somar-diz-mourao","status":"publish","type":"post","link":"https:\/\/www.caririemacao.com\/1\/2020\/06\/08\/governo-nao-quer-esconder-os-dados-basta-somar-diz-mourao\/","title":{"rendered":"&#8220;Governo n\u00e3o quer esconder os dados. Basta somar&#8221;, diz Mour\u00e3o"},"content":{"rendered":"\n<p>O vice-presidente da Rep\u00fablica, general Hamilton Mour\u00e3o (PRTB), negou que o governo federal tenha o objetivo de esconder os dados da pandemia da Covid-19, com as mudan\u00e7as no formato de divulga\u00e7\u00e3o dos dados epidemiol\u00f3gicos desde a \u00faltima sexta-feira (5).<\/p>\n\n\n\n<p>&#8220;N\u00e3o vejo que o governo quer esconder os dados, ele mudou a metodologia de apresent\u00e1-los. Ele n\u00e3o apresenta os n\u00fameros totais, que basta voc\u00ea somar com o dia anterior&#8221;, disse Mour\u00e3o durante entrevista neste domingo (5) em Cuiab\u00e1 (MT), onde foi apresentar os dados da opera\u00e7\u00e3o Verde Brasil 2.<\/p>\n\n\n\n<p>Desde sexta-feira (7), o Minist\u00e9rio da Sa\u00fade deixou de informar o n\u00famero acumulado de casos e mortes, mantendo apenas os dados registrados nas \u00faltimas 24 horas.<\/p>\n\n\n\n<p>Os casos que est\u00e3o em investiga\u00e7\u00e3o para detectar a doen\u00e7a tamb\u00e9m deixaram de ser informados. O \u00faltimo dado apresentado era de 4.159, na quinta-feira (4).<\/p>\n\n\n\n<p>Sobre a oficializa\u00e7\u00e3o da omiss\u00e3o de dados, Mour\u00e3o diz que a decis\u00e3o n\u00e3o passou pela vice-presid\u00eancia, mas admite que o governo possa voltar atr\u00e1s e divulgar dados mais completos.<\/p>\n\n\n\n<p>&#8220;\u00c9 \u00f3bvio que se isso n\u00e3o agradar uma sociedade como um todo, os organismos de controle existentes ir\u00e3o determinar que o governo mude a sua f\u00f3rmula&#8221;, afirmou o vice-presidente.<\/p>\n\n\n\n<p>A mudan\u00e7a na divulga\u00e7\u00e3o dos dados da Covid-19 fez com que o governo federal fosse alvo de cr\u00edticas de especialistas, de governadores e de secret\u00e1rios estaduais de sa\u00fade.<\/p>\n\n\n\n<p>A \u00faltima semana foi marcada por tentativas do governo federal de mitigar o impacto do n\u00famero de casos e de mortes no pa\u00eds. O Brasil passou a restringir o acesso p\u00fablico aos dados sobre a doen\u00e7a. O portal do Minist\u00e9rio da Sa\u00fade que reunia as informa\u00e7\u00f5es ficou fora do ar por mais de 24h.<\/p>\n\n\n\n<p>No fim da tarde deste s\u00e1bado, o site voltou a funcionar, mas j\u00e1 n\u00e3o apresentava mais o total de v\u00edtimas da Covid-19 nem o total de casos confirmados, apenas estat\u00edsticas da sexta-feira (5).<\/p>\n\n\n\n<p>O aplicativo da pasta tamb\u00e9m deixou de exibir o \u00edcone &#8220;situa\u00e7\u00e3o&#8221;, por meio do qual era poss\u00edvel saber o n\u00famero total de v\u00edtimas e de pessoas infectadas.<\/p>\n\n\n\n<p>Al\u00e9m disso, em pelo menos duas ocasi\u00f5es, os dados sobre a pandemia, que costumavam ser compartilhados diariamente por volta das 19h, foram divulgados por volta das 22h.<\/p>\n\n\n\n<p>Especula-se que a raz\u00e3o seria uma tentativa de evitar que o Jornal Nacional, exibido pela TV Globo, noticiasse as informa\u00e7\u00f5es. Ao ser questionado, o presidente Jair Bolsonaro n\u00e3o confirmou ter dado ordem para a mudan\u00e7a de hor\u00e1rio, mas disse que &#8220;acabou mat\u00e9ria no Jornal Nacional&#8221; e defendeu a divulga\u00e7\u00e3o tardia.<\/p>\n\n\n\n<p>&#8220;N\u00e3o interessa de quem partiu [a ordem para modificar o hor\u00e1rio], \u00e9 justo sair \u00e0s 22h, \u00e9 o dado completamente consolidado. Muito pelo contr\u00e1rio, n\u00e3o tem que correr para atender a Globo&#8221;, disse.<\/p>\n\n\n\n<p>Ap\u00f3s uma semana com pelo menos tr\u00eas novos recordes de mortes por causa do novo coronav\u00edrus em 24h, o Brasil registrou neste s\u00e1bado 904 novas v\u00edtimas. O total, desde que o v\u00edrus passou a circular no pa\u00eds, \u00e9 de 35.930.<\/p>\n\n\n\n<p>O n\u00famero de infectados tamb\u00e9m cresceu, passando de 645.771 para 672.846 casos. O n\u00famero pode ser maior, sobretudo nos casos, j\u00e1 que o pa\u00eds \u00e9 um dos que tem os menores \u00edndices de testagem do mundo, limitando os exames no sistema p\u00fablico a casos graves e profissionais da sa\u00fade e da seguran\u00e7a.<\/p>\n","protected":false},"excerpt":{"rendered":"<p>O vice-presidente da Rep\u00fablica, general Hamilton Mour\u00e3o (PRTB), negou que o governo federal tenha o objetivo de esconder os dados da pandemia da Covid-19, com&hellip; <\/p>\n","protected":false},"author":2,"featured_media":168909,"comment_status":"closed","ping_status":"closed","sticky":false,"template":"","format":"standard","meta":{"sfsi_plus_gutenberg_text_before_share":"","sfsi_plus_gutenberg_show_text_before_share":"","sfsi_plus_gutenberg_icon_type":"","sfsi_plus_gutenberg_icon_alignemt":"","sfsi_plus_gutenburg_max_per_row":"","footnotes":""},"categories":[11],"tags":[],"class_list":["post-173272","post","type-post","status-publish","format-standard","has-post-thumbnail","hentry","category-politica"],"_links":{"self":[{"href":"https:\/\/www.caririemacao.com\/1\/wp-json\/wp\/v2\/posts\/173272","targetHints":{"allow":["GET"]}}],"collection":[{"href":"https:\/\/www.caririemacao.com\/1\/wp-json\/wp\/v2\/posts"}],"about":[{"href":"https:\/\/www.caririemacao.com\/1\/wp-json\/wp\/v2\/types\/post"}],"author":[{"embeddable":true,"href":"https:\/\/www.caririemacao.com\/1\/wp-json\/wp\/v2\/users\/2"}],"replies":[{"embeddable":true,"href":"https:\/\/www.caririemacao.com\/1\/wp-json\/wp\/v2\/comments?post=173272"}],"version-history":[{"count":1,"href":"https:\/\/www.caririemacao.com\/1\/wp-json\/wp\/v2\/posts\/173272\/revisions"}],"predecessor-version":[{"id":173273,"href":"https:\/\/www.caririemacao.com\/1\/wp-json\/wp\/v2\/posts\/173272\/revisions\/173273"}],"wp:featuredmedia":[{"embeddable":true,"href":"https:\/\/www.caririemacao.com\/1\/wp-json\/wp\/v2\/media\/168909"}],"wp:attachment":[{"href":"https:\/\/www.caririemacao.com\/1\/wp-json\/wp\/v2\/media?parent=173272"}],"wp:term":[{"taxonomy":"category","embeddable":true,"href":"https:\/\/www.caririemacao.com\/1\/wp-json\/wp\/v2\/categories?post=173272"},{"taxonomy":"post_tag","embeddable":true,"href":"https:\/\/www.caririemacao.com\/1\/wp-json\/wp\/v2\/tags?post=173272"}],"curies":[{"name":"wp","href":"https:\/\/api.w.org\/{rel}","templated":true}]}}