{"id":173278,"date":"2020-06-08T06:23:31","date_gmt":"2020-06-08T09:23:31","guid":{"rendered":"https:\/\/www.caririemacao.com\/1\/?p=173278"},"modified":"2020-06-08T06:23:31","modified_gmt":"2020-06-08T09:23:31","slug":"covid-19-mp-recomenda-que-prefeituras-de-regiao-da-paraiba-proibam-fogueiras-juninas-e-fogos-de-artificio","status":"publish","type":"post","link":"https:\/\/www.caririemacao.com\/1\/2020\/06\/08\/covid-19-mp-recomenda-que-prefeituras-de-regiao-da-paraiba-proibam-fogueiras-juninas-e-fogos-de-artificio\/","title":{"rendered":"Covid-19: MP recomenda que prefeituras de regi\u00e3o da Para\u00edba pro\u00edbam fogueiras juninas e fogos de artif\u00edcio"},"content":{"rendered":"\n<p>O Minist\u00e9rio P\u00fablico da Para\u00edba (MPPB) recomendou para a cidade de Bananeiras e outros seis munic\u00edpios do Brejo da Para\u00edba a proibi\u00e7\u00e3o por decreto do acendimento de fogueiras e da queima de fogos de artif\u00edcio durante o per\u00edodo junino devido \u00e0 pandemia de Covid-19.<\/p>\n\n\n\n<p>De acordo com o MPPB, devem ser proibidos fogueiras e fogos de artif\u00edcio, sobretudo explosivos pirot\u00e9cnicos, em todos os espa\u00e7os p\u00fablicos e privados das zonas urbana e rural dos munic\u00edpios, enquanto durar a situa\u00e7\u00e3o de calamidade p\u00fablica decorrente da pandemia da Covid-19.<\/p>\n\n\n\n<p>Al\u00e9m de tentar evitar a aglomera\u00e7\u00e3o de pessoas em celebra\u00e7\u00f5es e fogueira, a recomenda\u00e7\u00e3o tamb\u00e9m pretende inibir o surgimento de problemas respirat\u00f3rios provocados pela fuma\u00e7a, o que \u00e9 considerado como um agravante em casos de Covid-19.<\/p>\n\n\n\n<p>Os moradores de Bananeiras, Bel\u00e9m, Borborema, Cai\u00e7ara, Dona In\u00eas, Logradouro e Serraria que n\u00e3o atenderem \u00e0 recomenda\u00e7\u00e3o poder\u00e3o ser multados e responsabilizados civil, administrativa e penalmente, e ainda responder por crimes contra a sa\u00fade p\u00fablica e contra a administra\u00e7\u00e3o p\u00fablica em geral.<\/p>\n\n\n\n<p>Al\u00e9m da proibi\u00e7\u00e3o de fogueiras, o MPPB recomendou a prorroga\u00e7\u00e3o do decreto municipal de cada cidade que determinou o isolamento social e o fechamento do com\u00e9rcio n\u00e3o essencial.<\/p>\n\n\n\n<p><em>G1 PB<\/em><\/p>\n","protected":false},"excerpt":{"rendered":"<p>O Minist\u00e9rio P\u00fablico da Para\u00edba (MPPB) recomendou para a cidade de Bananeiras e outros seis munic\u00edpios do Brejo da Para\u00edba a proibi\u00e7\u00e3o por decreto do&hellip; <\/p>\n","protected":false},"author":2,"featured_media":173279,"comment_status":"closed","ping_status":"closed","sticky":false,"template":"","format":"standard","meta":{"sfsi_plus_gutenberg_text_before_share":"","sfsi_plus_gutenberg_show_text_before_share":"","sfsi_plus_gutenberg_icon_type":"","sfsi_plus_gutenberg_icon_alignemt":"","sfsi_plus_gutenburg_max_per_row":"","footnotes":""},"categories":[6],"tags":[],"class_list":["post-173278","post","type-post","status-publish","format-standard","has-post-thumbnail","hentry","category-cidades"],"_links":{"self":[{"href":"https:\/\/www.caririemacao.com\/1\/wp-json\/wp\/v2\/posts\/173278","targetHints":{"allow":["GET"]}}],"collection":[{"href":"https:\/\/www.caririemacao.com\/1\/wp-json\/wp\/v2\/posts"}],"about":[{"href":"https:\/\/www.caririemacao.com\/1\/wp-json\/wp\/v2\/types\/post"}],"author":[{"embeddable":true,"href":"https:\/\/www.caririemacao.com\/1\/wp-json\/wp\/v2\/users\/2"}],"replies":[{"embeddable":true,"href":"https:\/\/www.caririemacao.com\/1\/wp-json\/wp\/v2\/comments?post=173278"}],"version-history":[{"count":1,"href":"https:\/\/www.caririemacao.com\/1\/wp-json\/wp\/v2\/posts\/173278\/revisions"}],"predecessor-version":[{"id":173280,"href":"https:\/\/www.caririemacao.com\/1\/wp-json\/wp\/v2\/posts\/173278\/revisions\/173280"}],"wp:featuredmedia":[{"embeddable":true,"href":"https:\/\/www.caririemacao.com\/1\/wp-json\/wp\/v2\/media\/173279"}],"wp:attachment":[{"href":"https:\/\/www.caririemacao.com\/1\/wp-json\/wp\/v2\/media?parent=173278"}],"wp:term":[{"taxonomy":"category","embeddable":true,"href":"https:\/\/www.caririemacao.com\/1\/wp-json\/wp\/v2\/categories?post=173278"},{"taxonomy":"post_tag","embeddable":true,"href":"https:\/\/www.caririemacao.com\/1\/wp-json\/wp\/v2\/tags?post=173278"}],"curies":[{"name":"wp","href":"https:\/\/api.w.org\/{rel}","templated":true}]}}