{"id":173288,"date":"2020-06-08T06:27:12","date_gmt":"2020-06-08T09:27:12","guid":{"rendered":"https:\/\/www.caririemacao.com\/1\/?p=173288"},"modified":"2020-06-08T06:27:12","modified_gmt":"2020-06-08T09:27:12","slug":"operacoes-com-participacao-da-policia-paraibana-destroem-146-mil-pes-de-maconha-no-sertao-de-pernambuco","status":"publish","type":"post","link":"https:\/\/www.caririemacao.com\/1\/2020\/06\/08\/operacoes-com-participacao-da-policia-paraibana-destroem-146-mil-pes-de-maconha-no-sertao-de-pernambuco\/","title":{"rendered":"Opera\u00e7\u00f5es com participa\u00e7\u00e3o da pol\u00edcia paraibana destroem 146 mil p\u00e9s de maconha no sert\u00e3o de Pernambuco"},"content":{"rendered":"\n<p>A Pol\u00edcia Rodovi\u00e1ria Federal (PRF) da Para\u00edba participou de opera\u00e7\u00f5es que destru\u00edram 146,3 mil p\u00e9s de maconha em Cabrob\u00f3 e Bel\u00e9m de S\u00e3o Francisco, no Sert\u00e3o pernambucano, desde a \u00faltima ter\u00e7a-feira (2) at\u00e9 este domingo (7). As Opera\u00e7\u00f5es Macambira V e Mu\u00e7amb\u00ea II ocorreram de forma integrada entre a PRF, a Pol\u00edcia Federal (PF) e o Batalh\u00e3o Especializado de Policiamento do Interior da Pol\u00edcia Militar (BEPI-PM).<\/p>\n\n\n\n<p>As planta\u00e7\u00f5es foram localizadas a partir de levantamentos da Base de Opera\u00e7\u00f5es A\u00e9reas da PRF e de investiga\u00e7\u00e3o da PF, que identificaram 48 ro\u00e7as com caracter\u00edsticas da cannabis sativa. Se colhidas, as plantas poderiam produzir 48,7 toneladas de maconha pronta para o consumo. As a\u00e7\u00f5es de combate ao crime tamb\u00e9m foram realizadas nas rodovias federais do Sert\u00e3o, sendo fiscalizados 259 ve\u00edculos e 256 pessoas, apreendidos 81,5 Kg de maconha embalada, dois carros roubados e R$1.142,00. Ao todo, onze pessoas foram detidas pelos crimes de tr\u00e1fico de drogas e recepta\u00e7\u00e3o de ve\u00edculo roubado.<\/p>\n\n\n\n<p>Participaram das a\u00e7\u00f5es 39 integrantes da PRF, 20 da PF e 13 do BEPI-PM. Foram utilizadas 19 viaturas, um caminh\u00e3o tanque, uma van e um helic\u00f3ptero. A investiga\u00e7\u00e3o das ocorr\u00eancias ser\u00e1 realizada pela Delegacia de Pol\u00edcia Federal de Salgueiro. As a\u00e7\u00f5es de erradica\u00e7\u00e3o v\u00eam sendo intensificadas na regi\u00e3o, tendo em vista que o per\u00edodo de chuvas contribui para o aumento na produ\u00e7\u00e3o da droga.<\/p>\n","protected":false},"excerpt":{"rendered":"<p>A Pol\u00edcia Rodovi\u00e1ria Federal (PRF) da Para\u00edba participou de opera\u00e7\u00f5es que destru\u00edram 146,3 mil p\u00e9s de maconha em Cabrob\u00f3 e Bel\u00e9m de S\u00e3o Francisco, no&hellip; <\/p>\n","protected":false},"author":2,"featured_media":173289,"comment_status":"closed","ping_status":"closed","sticky":false,"template":"","format":"standard","meta":{"sfsi_plus_gutenberg_text_before_share":"","sfsi_plus_gutenberg_show_text_before_share":"","sfsi_plus_gutenberg_icon_type":"","sfsi_plus_gutenberg_icon_alignemt":"","sfsi_plus_gutenburg_max_per_row":"","footnotes":""},"categories":[12],"tags":[],"class_list":["post-173288","post","type-post","status-publish","format-standard","has-post-thumbnail","hentry","category-policia"],"_links":{"self":[{"href":"https:\/\/www.caririemacao.com\/1\/wp-json\/wp\/v2\/posts\/173288","targetHints":{"allow":["GET"]}}],"collection":[{"href":"https:\/\/www.caririemacao.com\/1\/wp-json\/wp\/v2\/posts"}],"about":[{"href":"https:\/\/www.caririemacao.com\/1\/wp-json\/wp\/v2\/types\/post"}],"author":[{"embeddable":true,"href":"https:\/\/www.caririemacao.com\/1\/wp-json\/wp\/v2\/users\/2"}],"replies":[{"embeddable":true,"href":"https:\/\/www.caririemacao.com\/1\/wp-json\/wp\/v2\/comments?post=173288"}],"version-history":[{"count":1,"href":"https:\/\/www.caririemacao.com\/1\/wp-json\/wp\/v2\/posts\/173288\/revisions"}],"predecessor-version":[{"id":173290,"href":"https:\/\/www.caririemacao.com\/1\/wp-json\/wp\/v2\/posts\/173288\/revisions\/173290"}],"wp:featuredmedia":[{"embeddable":true,"href":"https:\/\/www.caririemacao.com\/1\/wp-json\/wp\/v2\/media\/173289"}],"wp:attachment":[{"href":"https:\/\/www.caririemacao.com\/1\/wp-json\/wp\/v2\/media?parent=173288"}],"wp:term":[{"taxonomy":"category","embeddable":true,"href":"https:\/\/www.caririemacao.com\/1\/wp-json\/wp\/v2\/categories?post=173288"},{"taxonomy":"post_tag","embeddable":true,"href":"https:\/\/www.caririemacao.com\/1\/wp-json\/wp\/v2\/tags?post=173288"}],"curies":[{"name":"wp","href":"https:\/\/api.w.org\/{rel}","templated":true}]}}