{"id":173300,"date":"2020-06-08T06:38:39","date_gmt":"2020-06-08T09:38:39","guid":{"rendered":"https:\/\/www.caririemacao.com\/1\/?p=173300"},"modified":"2020-06-08T06:38:39","modified_gmt":"2020-06-08T09:38:39","slug":"aniversario-de-sao-sebastiao-do-umbuzeiro-tera-programacao-transmitida-em-uma-grande-live-nas-redes-sociais","status":"publish","type":"post","link":"https:\/\/www.caririemacao.com\/1\/2020\/06\/08\/aniversario-de-sao-sebastiao-do-umbuzeiro-tera-programacao-transmitida-em-uma-grande-live-nas-redes-sociais\/","title":{"rendered":"Anivers\u00e1rio de S\u00e3o Sebasti\u00e3o do Umbuzeiro ter\u00e1 programa\u00e7\u00e3o transmitida em uma grande LIVE nas redes sociais"},"content":{"rendered":"\n<p><strong><br><br>A\u00a0<\/strong>cidade de S\u00e3o Sebasti\u00e3o do Umbuzeiro comemora nesta segunda feira, seus 61 anos de emancipa\u00e7\u00e3o pol\u00edtica, e em virtude do atual quadro de preven\u00e7\u00e3o ao v\u00edrus da COVID-19, a gest\u00e3o municipal preparou uma programa\u00e7\u00e3o diferenciada este ano.<br>A programa\u00e7\u00e3o contar\u00e1 com eventos que n\u00e3o causem aglomera\u00e7\u00f5es e que poder\u00e3o ser todos prestigiados atrav\u00e9s de uma LIVE que ser\u00e1 transmitida a partir das 08 horas da manh\u00e3.<\/p>\n\n\n\n<p><br>Na programa\u00e7\u00e3o haver\u00e1 o tradicional hasteamento da bandeira, e ser\u00e3o tocados: O Hino Nacional pelo m\u00fasico Thobyas Herbert e o Hino Municipal conduzido pelo maestro Jo\u00e3o Batista.<\/p>\n\n\n\n<p><br>Na LIVE tamb\u00e9m haver\u00e1 o lan\u00e7amento de um VT com as principais conquistas do munic\u00edpio nos \u00faltimos 03 anos.<\/p>\n\n\n\n<p><\/p>\n\n\n\n<p>Blog Fabio Brito<\/p>\n","protected":false},"excerpt":{"rendered":"<p>A\u00a0cidade de S\u00e3o Sebasti\u00e3o do Umbuzeiro comemora nesta segunda feira, seus 61 anos de emancipa\u00e7\u00e3o pol\u00edtica, e em virtude do atual quadro de preven\u00e7\u00e3o ao&hellip; <\/p>\n","protected":false},"author":2,"featured_media":173301,"comment_status":"closed","ping_status":"closed","sticky":false,"template":"","format":"standard","meta":{"sfsi_plus_gutenberg_text_before_share":"","sfsi_plus_gutenberg_show_text_before_share":"","sfsi_plus_gutenberg_icon_type":"","sfsi_plus_gutenberg_icon_alignemt":"","sfsi_plus_gutenburg_max_per_row":"","footnotes":""},"categories":[6],"tags":[],"class_list":["post-173300","post","type-post","status-publish","format-standard","has-post-thumbnail","hentry","category-cidades"],"_links":{"self":[{"href":"https:\/\/www.caririemacao.com\/1\/wp-json\/wp\/v2\/posts\/173300","targetHints":{"allow":["GET"]}}],"collection":[{"href":"https:\/\/www.caririemacao.com\/1\/wp-json\/wp\/v2\/posts"}],"about":[{"href":"https:\/\/www.caririemacao.com\/1\/wp-json\/wp\/v2\/types\/post"}],"author":[{"embeddable":true,"href":"https:\/\/www.caririemacao.com\/1\/wp-json\/wp\/v2\/users\/2"}],"replies":[{"embeddable":true,"href":"https:\/\/www.caririemacao.com\/1\/wp-json\/wp\/v2\/comments?post=173300"}],"version-history":[{"count":1,"href":"https:\/\/www.caririemacao.com\/1\/wp-json\/wp\/v2\/posts\/173300\/revisions"}],"predecessor-version":[{"id":173302,"href":"https:\/\/www.caririemacao.com\/1\/wp-json\/wp\/v2\/posts\/173300\/revisions\/173302"}],"wp:featuredmedia":[{"embeddable":true,"href":"https:\/\/www.caririemacao.com\/1\/wp-json\/wp\/v2\/media\/173301"}],"wp:attachment":[{"href":"https:\/\/www.caririemacao.com\/1\/wp-json\/wp\/v2\/media?parent=173300"}],"wp:term":[{"taxonomy":"category","embeddable":true,"href":"https:\/\/www.caririemacao.com\/1\/wp-json\/wp\/v2\/categories?post=173300"},{"taxonomy":"post_tag","embeddable":true,"href":"https:\/\/www.caririemacao.com\/1\/wp-json\/wp\/v2\/tags?post=173300"}],"curies":[{"name":"wp","href":"https:\/\/api.w.org\/{rel}","templated":true}]}}