{"id":173305,"date":"2020-06-08T06:43:07","date_gmt":"2020-06-08T09:43:07","guid":{"rendered":"https:\/\/www.caririemacao.com\/1\/?p=173305"},"modified":"2020-06-08T06:43:07","modified_gmt":"2020-06-08T09:43:07","slug":"boletim-aponta-perca-de-r-2144-mi-em-arrecadacao-de-impostos-na-pb-durante-pandemia","status":"publish","type":"post","link":"https:\/\/www.caririemacao.com\/1\/2020\/06\/08\/boletim-aponta-perca-de-r-2144-mi-em-arrecadacao-de-impostos-na-pb-durante-pandemia\/","title":{"rendered":"Boletim aponta perca de R$ 214,4 mi em arrecada\u00e7\u00e3o de impostos na PB durante pandemia"},"content":{"rendered":"\n<p><a href=\"https:\/\/www.facebook.com\/sharer\/sharer.php?u=https:\/\/fonte83.com.br\/boletim-aponta-perda-de-r-2144-milhoes-em-arrecadacao-de-impostos-na-paraiba-durante-pandemia\/&amp;src=sdkpreparse\" target=\"_blank\" rel=\"noreferrer noopener\"><\/a><a href=\"http:\/\/twitter.com\/share?url=https:\/\/fonte83.com.br\/boletim-aponta-perda-de-r-2144-milhoes-em-arrecadacao-de-impostos-na-paraiba-durante-pandemia\/\" target=\"_blank\" rel=\"noreferrer noopener\"><\/a><a href=\"https:\/\/api.whatsapp.com\/send?text=https:\/\/fonte83.com.br\/boletim-aponta-perda-de-r-2144-milhoes-em-arrecadacao-de-impostos-na-paraiba-durante-pandemia\" target=\"_blank\" rel=\"noreferrer noopener\"><\/a><\/p>\n\n\n\n<p>A arrecada\u00e7\u00e3o do Governo da Para\u00edba teve uma retra\u00e7\u00e3o de 29,47% dos tr\u00eas impostos estaduais (ICMS; IPVA e ITCD) na 4\u00aa semana de maio de 2020 sobre igual per\u00edodo de 2019. A infroma\u00e7\u00e3o est\u00e1 no Boletim da SEFAZ-PB dos Impactos da Covid-19\u201d na edi\u00e7\u00e3o de n\u00famero 6.<\/p>\n\n\n\n<p>O boletim traz duas novidades: os dados do repasse do Fundo de Participa\u00e7\u00e3o dos Estados (FPE) ao Governo da Para\u00edba, incluindo os valores do Apoio Financeiro pela Uni\u00e3o aos Estados Federativos, do m\u00eas de maio de 2020; e as perdas da receita pr\u00f3pria (ICMS; IPVA e ITCD), no trimestre de mar\u00e7o a maio de 2020, quando foram adotadas medidas de isolamento para evitar a dissemina\u00e7\u00e3o da Covid-19 na Para\u00edba.<\/p>\n\n\n\n<p>&nbsp;Na primeira, o repasse do FPE ao Governo da Para\u00edba, incluindo os valores do Apoio Financeiro pela Uni\u00e3o aos Estados Federativos, que aponta uma queda de 18,46% no m\u00eas de maio de 2020 sobre o ano anterior, enquanto na segunda mostram as perdas de receita pr\u00f3pria (ICMS, IPVA e ITCD), no trimestre de mar\u00e7o a maio de 2020. Elas j\u00e1 somam R$ 214,4 milh\u00f5es, em valores absolutos, sobre igual per\u00edodo de 2019.<\/p>\n","protected":false},"excerpt":{"rendered":"<p>A arrecada\u00e7\u00e3o do Governo da Para\u00edba teve uma retra\u00e7\u00e3o de 29,47% dos tr\u00eas impostos estaduais (ICMS; IPVA e ITCD) na 4\u00aa semana de maio de&hellip; <\/p>\n","protected":false},"author":2,"featured_media":173072,"comment_status":"closed","ping_status":"closed","sticky":false,"template":"","format":"standard","meta":{"sfsi_plus_gutenberg_text_before_share":"","sfsi_plus_gutenberg_show_text_before_share":"","sfsi_plus_gutenberg_icon_type":"","sfsi_plus_gutenberg_icon_alignemt":"","sfsi_plus_gutenburg_max_per_row":"","footnotes":""},"categories":[50,2],"tags":[],"class_list":["post-173305","post","type-post","status-publish","format-standard","has-post-thumbnail","hentry","category-destaque","category-geral"],"_links":{"self":[{"href":"https:\/\/www.caririemacao.com\/1\/wp-json\/wp\/v2\/posts\/173305","targetHints":{"allow":["GET"]}}],"collection":[{"href":"https:\/\/www.caririemacao.com\/1\/wp-json\/wp\/v2\/posts"}],"about":[{"href":"https:\/\/www.caririemacao.com\/1\/wp-json\/wp\/v2\/types\/post"}],"author":[{"embeddable":true,"href":"https:\/\/www.caririemacao.com\/1\/wp-json\/wp\/v2\/users\/2"}],"replies":[{"embeddable":true,"href":"https:\/\/www.caririemacao.com\/1\/wp-json\/wp\/v2\/comments?post=173305"}],"version-history":[{"count":1,"href":"https:\/\/www.caririemacao.com\/1\/wp-json\/wp\/v2\/posts\/173305\/revisions"}],"predecessor-version":[{"id":173306,"href":"https:\/\/www.caririemacao.com\/1\/wp-json\/wp\/v2\/posts\/173305\/revisions\/173306"}],"wp:featuredmedia":[{"embeddable":true,"href":"https:\/\/www.caririemacao.com\/1\/wp-json\/wp\/v2\/media\/173072"}],"wp:attachment":[{"href":"https:\/\/www.caririemacao.com\/1\/wp-json\/wp\/v2\/media?parent=173305"}],"wp:term":[{"taxonomy":"category","embeddable":true,"href":"https:\/\/www.caririemacao.com\/1\/wp-json\/wp\/v2\/categories?post=173305"},{"taxonomy":"post_tag","embeddable":true,"href":"https:\/\/www.caririemacao.com\/1\/wp-json\/wp\/v2\/tags?post=173305"}],"curies":[{"name":"wp","href":"https:\/\/api.w.org\/{rel}","templated":true}]}}