{"id":173309,"date":"2020-06-08T06:48:53","date_gmt":"2020-06-08T09:48:53","guid":{"rendered":"https:\/\/www.caririemacao.com\/1\/?p=173309"},"modified":"2020-06-08T06:48:53","modified_gmt":"2020-06-08T09:48:53","slug":"estados-do-ne-questionam-mais-uma-vez-concentracao-de-cortes-do-bolsa-familia-na-regiao","status":"publish","type":"post","link":"https:\/\/www.caririemacao.com\/1\/2020\/06\/08\/estados-do-ne-questionam-mais-uma-vez-concentracao-de-cortes-do-bolsa-familia-na-regiao\/","title":{"rendered":"Estados do NE questionam mais uma vez concentra\u00e7\u00e3o de cortes do Bolsa Fam\u00edlia na regi\u00e3o"},"content":{"rendered":"\n<p>A Para\u00edba, juntamente com os estados da Bahia, Alagoas, Pernambuco, Cear\u00e1, Rio Grande do Norte, Maranh\u00e3o e Piau\u00ed questionam, mais uma vez, junto ao Supremo Tribunal Federal (STF), a concentra\u00e7\u00e3o de cortes do Programa Bolsa Fam\u00edlia na regi\u00e3o Nordeste.<\/p>\n\n\n\n<p>At\u00e9 o momento, a Uni\u00e3o n\u00e3o apresentou dados que justifiquem a centraliza\u00e7\u00e3o da glosa do Bolsa Fam\u00edlia, conforme determinado em decis\u00e3o proferida em mar\u00e7o de 2020 pelo ministro do Supremo Tribunal Federal (STF) Marco Aur\u00e9lio Mendes de Farias Mello. A decis\u00e3o foi tomada em uma a\u00e7\u00e3o judicial movida por sete dos nove estados da regi\u00e3o Nordeste, que questionaram a aloca\u00e7\u00e3o de recursos e contempla\u00e7\u00e3o de novas fam\u00edlias sem a necess\u00e1ria isonomia e equidade, promovendo desprote\u00e7\u00f5es concentradas no nordeste.<\/p>\n\n\n\n<p>Na nova a\u00e7\u00e3o proposta, os Estados nordestinos questionam ainda a edi\u00e7\u00e3o da Portaria 13.474 de 02 de junho de 2020 na qual o secret\u00e1rio especial da fazenda do Minist\u00e9rio da Economia suspende o repasse do montante de R$ 83.904.162,00 (Oitenta e tr\u00eas milh\u00f5es, novecentos e quatro mil e cento e sessenta e dois reais), originalmente destinados ao Programa Bolsa Fam\u00edlia, e os destina para a comunica\u00e7\u00e3o institucional do governo federal.<\/p>\n\n\n\n<p>\u201cAs condutas da Uni\u00e3o afrontam diretamente o procedimento acautelat\u00f3rio exarado nos autos do processo, pois \u00e0 mingua da disponibiliza\u00e7\u00e3o das informa\u00e7\u00f5es aptas a justificar a concentra\u00e7\u00e3o de cortes do Bolsa Fam\u00edlia na regi\u00e3o nordeste, ainda promovem significativos cortes no aludido programa que visa atender justamente a parcela da popula\u00e7\u00e3o brasileira mais vulner\u00e1vel e em per\u00edodo de excepcional necessidade de calamidade sanit\u00e1ria\u201d, argumentaram as Procuradorias Gerais dos Estados.<\/p>\n\n\n\n<p>\u201c\u00c9 inadmiss\u00edvel o desrespeito \u00e0 ordem do Ministro Marco Aur\u00e9lio, para que fosse explicada pelo Governo Federal a odiosa concentra\u00e7\u00e3o no Nordeste dos cortes dos benef\u00edcios do Bolsa Fam\u00edlia. A decis\u00e3o do Ministro do STF tamb\u00e9m determinou que a popula\u00e7\u00e3o nordestina tivesse tratamento ison\u00f4mico em rela\u00e7\u00e3o aos benefici\u00e1rios dos Estados de outras regi\u00f5es. N\u00e3o fosse a flagrante iniquidade da postura do Governo Federal, assombra o conte\u00fado da recente Portaria do Minist\u00e9rio da Fazenda que anula a dota\u00e7\u00e3o de quase R$ 84.000.000,00 do Bolsa Fam\u00edlia, transferindo, abrindo cr\u00e9dito para o Governo Federal gastar em comunica\u00e7\u00e3o institucional\u201d, afirmou o procurador geral do Estado da Bahia, Paulo Moreno Carvalho.<\/p>\n\n\n\n<h3 class=\"wp-block-heading\">Dados<\/h3>\n\n\n\n<p>Segundo dados fornecidos pelo Minist\u00e9rio da Cidadania e divulgados na \u00faltima quarta-feira (3), \u00e9 poss\u00edvel se inferir que o Nordeste continua penalizado no que tange ao programa de distribui\u00e7\u00e3o de renda do governo federal, visto que no m\u00eas de maio de 2020 foram atendidas menos fam\u00edlias que no mesmo per\u00edodo de 2019, mormente quando estamos em pleno quando de retra\u00e7\u00e3o econ\u00f4mica decorrente da pandemia do coronav\u00edrus.<\/p>\n","protected":false},"excerpt":{"rendered":"<p>A Para\u00edba, juntamente com os estados da Bahia, Alagoas, Pernambuco, Cear\u00e1, Rio Grande do Norte, Maranh\u00e3o e Piau\u00ed questionam, mais uma vez, junto ao Supremo&hellip; <\/p>\n","protected":false},"author":2,"featured_media":160692,"comment_status":"closed","ping_status":"closed","sticky":false,"template":"","format":"standard","meta":{"sfsi_plus_gutenberg_text_before_share":"","sfsi_plus_gutenberg_show_text_before_share":"","sfsi_plus_gutenberg_icon_type":"","sfsi_plus_gutenberg_icon_alignemt":"","sfsi_plus_gutenburg_max_per_row":"","footnotes":""},"categories":[50,2],"tags":[],"class_list":["post-173309","post","type-post","status-publish","format-standard","has-post-thumbnail","hentry","category-destaque","category-geral"],"_links":{"self":[{"href":"https:\/\/www.caririemacao.com\/1\/wp-json\/wp\/v2\/posts\/173309","targetHints":{"allow":["GET"]}}],"collection":[{"href":"https:\/\/www.caririemacao.com\/1\/wp-json\/wp\/v2\/posts"}],"about":[{"href":"https:\/\/www.caririemacao.com\/1\/wp-json\/wp\/v2\/types\/post"}],"author":[{"embeddable":true,"href":"https:\/\/www.caririemacao.com\/1\/wp-json\/wp\/v2\/users\/2"}],"replies":[{"embeddable":true,"href":"https:\/\/www.caririemacao.com\/1\/wp-json\/wp\/v2\/comments?post=173309"}],"version-history":[{"count":1,"href":"https:\/\/www.caririemacao.com\/1\/wp-json\/wp\/v2\/posts\/173309\/revisions"}],"predecessor-version":[{"id":173310,"href":"https:\/\/www.caririemacao.com\/1\/wp-json\/wp\/v2\/posts\/173309\/revisions\/173310"}],"wp:featuredmedia":[{"embeddable":true,"href":"https:\/\/www.caririemacao.com\/1\/wp-json\/wp\/v2\/media\/160692"}],"wp:attachment":[{"href":"https:\/\/www.caririemacao.com\/1\/wp-json\/wp\/v2\/media?parent=173309"}],"wp:term":[{"taxonomy":"category","embeddable":true,"href":"https:\/\/www.caririemacao.com\/1\/wp-json\/wp\/v2\/categories?post=173309"},{"taxonomy":"post_tag","embeddable":true,"href":"https:\/\/www.caririemacao.com\/1\/wp-json\/wp\/v2\/tags?post=173309"}],"curies":[{"name":"wp","href":"https:\/\/api.w.org\/{rel}","templated":true}]}}