{"id":173319,"date":"2020-06-08T15:58:41","date_gmt":"2020-06-08T18:58:41","guid":{"rendered":"https:\/\/www.caririemacao.com\/1\/?p=173319"},"modified":"2020-06-08T15:58:41","modified_gmt":"2020-06-08T18:58:41","slug":"apos-decisao-do-stf-pagamento-de-pensao-a-ex-governadores-da-paraiba-sera-suspenso-a-partir-deste-mes-de-junho","status":"publish","type":"post","link":"https:\/\/www.caririemacao.com\/1\/2020\/06\/08\/apos-decisao-do-stf-pagamento-de-pensao-a-ex-governadores-da-paraiba-sera-suspenso-a-partir-deste-mes-de-junho\/","title":{"rendered":"Ap\u00f3s decis\u00e3o do STF, pagamento de pens\u00e3o a ex-governadores da Para\u00edba ser\u00e1 suspenso a partir deste m\u00eas de junho"},"content":{"rendered":"\n<p>Os ex-governadores da Para\u00edba j\u00e1 n\u00e3o receber\u00e3o mais pens\u00f5es a partir deste m\u00eas de junho. O Supremo Tribunal Federal (STF) havia decidido pela suspens\u00e3o do pagamento de pens\u00f5es vital\u00edcias a ex-governadores ou ex-primeiras-damas, ap\u00f3s pedido do Minist\u00e9rio P\u00fablico de Contas da Para\u00edba.<\/p>\n\n\n\n<p>Este m\u00eas de maio foi o \u00faltimo em que os ex-governadores receberam o benef\u00edcio. O maior valor pago, de R$ 23,5 mil, era destinado a cinco ex-governadores: Ant\u00f4nio Paulino, Ricardo Coutinho, C\u00edcero Lucena, Wilson Braga e C\u00e1ssio Cunha Lima.<\/p>\n\n\n\n<p>Os beneficiados chegaram a recorrer, para que a decis\u00e3o passasse a valer apenas para novos casos, mas o pedido foi rejeitado por unanimidade pelo STF, que considerou o pagamento das pens\u00f5es inconstitucional.<\/p>\n\n\n\n<p><em>Click PB<\/em><\/p>\n\n\n\n<p>Com de Olho no Cariri<\/p>\n","protected":false},"excerpt":{"rendered":"<p>Os ex-governadores da Para\u00edba j\u00e1 n\u00e3o receber\u00e3o mais pens\u00f5es a partir deste m\u00eas de junho. O Supremo Tribunal Federal (STF) havia decidido pela suspens\u00e3o do&hellip; <\/p>\n","protected":false},"author":1,"featured_media":173320,"comment_status":"closed","ping_status":"closed","sticky":false,"template":"","format":"standard","meta":{"sfsi_plus_gutenberg_text_before_share":"","sfsi_plus_gutenberg_show_text_before_share":"","sfsi_plus_gutenberg_icon_type":"","sfsi_plus_gutenberg_icon_alignemt":"","sfsi_plus_gutenburg_max_per_row":"","footnotes":""},"categories":[50],"tags":[],"class_list":["post-173319","post","type-post","status-publish","format-standard","has-post-thumbnail","hentry","category-destaque"],"_links":{"self":[{"href":"https:\/\/www.caririemacao.com\/1\/wp-json\/wp\/v2\/posts\/173319","targetHints":{"allow":["GET"]}}],"collection":[{"href":"https:\/\/www.caririemacao.com\/1\/wp-json\/wp\/v2\/posts"}],"about":[{"href":"https:\/\/www.caririemacao.com\/1\/wp-json\/wp\/v2\/types\/post"}],"author":[{"embeddable":true,"href":"https:\/\/www.caririemacao.com\/1\/wp-json\/wp\/v2\/users\/1"}],"replies":[{"embeddable":true,"href":"https:\/\/www.caririemacao.com\/1\/wp-json\/wp\/v2\/comments?post=173319"}],"version-history":[{"count":1,"href":"https:\/\/www.caririemacao.com\/1\/wp-json\/wp\/v2\/posts\/173319\/revisions"}],"predecessor-version":[{"id":173321,"href":"https:\/\/www.caririemacao.com\/1\/wp-json\/wp\/v2\/posts\/173319\/revisions\/173321"}],"wp:featuredmedia":[{"embeddable":true,"href":"https:\/\/www.caririemacao.com\/1\/wp-json\/wp\/v2\/media\/173320"}],"wp:attachment":[{"href":"https:\/\/www.caririemacao.com\/1\/wp-json\/wp\/v2\/media?parent=173319"}],"wp:term":[{"taxonomy":"category","embeddable":true,"href":"https:\/\/www.caririemacao.com\/1\/wp-json\/wp\/v2\/categories?post=173319"},{"taxonomy":"post_tag","embeddable":true,"href":"https:\/\/www.caririemacao.com\/1\/wp-json\/wp\/v2\/tags?post=173319"}],"curies":[{"name":"wp","href":"https:\/\/api.w.org\/{rel}","templated":true}]}}