{"id":173322,"date":"2020-06-08T16:14:18","date_gmt":"2020-06-08T19:14:18","guid":{"rendered":"https:\/\/www.caririemacao.com\/1\/?p=173322"},"modified":"2020-06-08T16:19:46","modified_gmt":"2020-06-08T19:19:46","slug":"professora-paulinha-lanca-pre-candidatura-para-concorrer-uma-das-vagas-na-camara-de-sao-jose-dos-cordeiros","status":"publish","type":"post","link":"https:\/\/www.caririemacao.com\/1\/2020\/06\/08\/professora-paulinha-lanca-pre-candidatura-para-concorrer-uma-das-vagas-na-camara-de-sao-jose-dos-cordeiros\/","title":{"rendered":"Professora Paulinha lan\u00e7a pr\u00e9-candidatura para concorrer uma das vagas na C\u00e2mara de S\u00e3o Jos\u00e9 dos Cordeiros"},"content":{"rendered":"\n<p>A jovem cordeirense, a professora Ana Paula Alc\u00e2ntara, mais conhecida como Paulinha, revelou com exclusividade ao Cariri em A\u00e7\u00e3o a sua inten\u00e7\u00e3o de disputar as elei\u00e7\u00f5es deste ano e lan\u00e7ou sua pr\u00e9-candidatura a vereadora de S\u00e3o Jos\u00e9 dos Cordeiros.<\/p>\n\n\n\n<p>Paulinha surge como um novo nome para assumir uma das nove vagas no Poder Legislativo de S\u00e3o Jos\u00e9 dos Cordeiros, no grupo de situa\u00e7\u00e3o do munic\u00edpio, que tem o prefeito Jefferson e o ex-prefeito Fernando Queiroz. <\/p>\n\n\n\n<p>Filha de agricultores, Paulinha nasceu no sitio Algod\u00e3o no ano de 1981, e j\u00e1 na sua juventude atuou como lideran\u00e7a da Comunidade animando os trabalhos de associa\u00e7\u00f5es rurais e frente as a\u00e7\u00f5es pastorais da igreja, com crian\u00e7as, jovens e adultos, assim conquistou admira\u00e7\u00e3o e confian\u00e7a de todos na comunidade.<\/p>\n\n\n\n<p>Aos vinte e dois (22) anos, j\u00e1 casada com Hugo Filho, deu continuidade \u00e0 suas atividades na sede do munic\u00edpio de S\u00e3o Jos\u00e9 dos Cordeiros, como coordenadora local da Pastoral da Crian\u00e7a (volunt\u00e1ria), acompanhando gestantes e crian\u00e7as de 0 a 06 anos.<\/p>\n\n\n\n<p>Ela tamb\u00e9m foi conselheira tutelar entre 2006 a 2009, na qual deu sua contribui\u00e7\u00e3o positiva. J\u00e1 em 2010, m\u00e3e de dois (02) filhos, iniciou uma nova etapa como professora de educa\u00e7\u00e3o b\u00e1sica que atua at\u00e9 hoje, em busca de melhores conhecimentos, iniciando sua licenciatura plena em pedagogia na qual est\u00e1 se especializando com a p\u00f3s gradua\u00e7\u00e3o. Em 2017, come\u00e7ou um novo trabalho na \u00e1rea da Assist\u00eancia Social, que atua como Orientadora Social em projetos pedag\u00f3gicos para crian\u00e7as e adolescentes.<\/p>\n\n\n\n<p>\u201cAinda na juventude recebi o convite para concorrer ao cargo eletivo no munic\u00edpio o qual n\u00e3o aceitei pois n\u00e3o se sentia preparada para tal, entretanto, nos dias atuais, recebi novamente a proposta e compreendendo o cen\u00e1rio pol\u00edtico atual que vivemos e a import\u00e2ncia da figura da mulher no parlamento, me sinto preparada para lutar em prol das necessidades do nosso munic\u00edpio\u201d, complementou Paulinha.<\/p>\n","protected":false},"excerpt":{"rendered":"<p>A jovem cordeirense, a professora Ana Paula Alc\u00e2ntara, mais conhecida como Paulinha, revelou com exclusividade ao Cariri em A\u00e7\u00e3o a sua inten\u00e7\u00e3o de disputar as&hellip; <\/p>\n","protected":false},"author":1,"featured_media":173323,"comment_status":"closed","ping_status":"closed","sticky":false,"template":"","format":"standard","meta":{"sfsi_plus_gutenberg_text_before_share":"","sfsi_plus_gutenberg_show_text_before_share":"","sfsi_plus_gutenberg_icon_type":"","sfsi_plus_gutenberg_icon_alignemt":"","sfsi_plus_gutenburg_max_per_row":"","footnotes":""},"categories":[50,2],"tags":[],"class_list":["post-173322","post","type-post","status-publish","format-standard","has-post-thumbnail","hentry","category-destaque","category-geral"],"_links":{"self":[{"href":"https:\/\/www.caririemacao.com\/1\/wp-json\/wp\/v2\/posts\/173322","targetHints":{"allow":["GET"]}}],"collection":[{"href":"https:\/\/www.caririemacao.com\/1\/wp-json\/wp\/v2\/posts"}],"about":[{"href":"https:\/\/www.caririemacao.com\/1\/wp-json\/wp\/v2\/types\/post"}],"author":[{"embeddable":true,"href":"https:\/\/www.caririemacao.com\/1\/wp-json\/wp\/v2\/users\/1"}],"replies":[{"embeddable":true,"href":"https:\/\/www.caririemacao.com\/1\/wp-json\/wp\/v2\/comments?post=173322"}],"version-history":[{"count":4,"href":"https:\/\/www.caririemacao.com\/1\/wp-json\/wp\/v2\/posts\/173322\/revisions"}],"predecessor-version":[{"id":173327,"href":"https:\/\/www.caririemacao.com\/1\/wp-json\/wp\/v2\/posts\/173322\/revisions\/173327"}],"wp:featuredmedia":[{"embeddable":true,"href":"https:\/\/www.caririemacao.com\/1\/wp-json\/wp\/v2\/media\/173323"}],"wp:attachment":[{"href":"https:\/\/www.caririemacao.com\/1\/wp-json\/wp\/v2\/media?parent=173322"}],"wp:term":[{"taxonomy":"category","embeddable":true,"href":"https:\/\/www.caririemacao.com\/1\/wp-json\/wp\/v2\/categories?post=173322"},{"taxonomy":"post_tag","embeddable":true,"href":"https:\/\/www.caririemacao.com\/1\/wp-json\/wp\/v2\/tags?post=173322"}],"curies":[{"name":"wp","href":"https:\/\/api.w.org\/{rel}","templated":true}]}}