{"id":173331,"date":"2020-06-09T05:47:51","date_gmt":"2020-06-09T08:47:51","guid":{"rendered":"https:\/\/www.caririemacao.com\/1\/?p=173331"},"modified":"2020-06-09T05:47:51","modified_gmt":"2020-06-09T08:47:51","slug":"governador-anuncia-mais-21-novos-leitos-de-uti-para-duas-cidades-do-sertao","status":"publish","type":"post","link":"https:\/\/www.caririemacao.com\/1\/2020\/06\/09\/governador-anuncia-mais-21-novos-leitos-de-uti-para-duas-cidades-do-sertao\/","title":{"rendered":"Governador anuncia mais 21 novos leitos de UTI para duas cidades do Sert\u00e3o"},"content":{"rendered":"\n<h1 class=\"wp-block-heading\"><\/h1>\n\n\n\n<p>O governador Jo\u00e3o Azev\u00eado anunciou nesta segunda-feira (8), durante o programa semanal \u2018Fala, governador\u2019, transmitido em cadeia estadual pela R\u00e1dio Tabajara, o envio de 21 novos leitos de Unidade de Terapia Intensiva (UTI) para o Sert\u00e3o, sendo 16 para o Complexo Hospitalar Regional Deputado Janduhy Carneiro, em Patos, e cinco para o Hospital Regional de Cajazeiras.<\/p>\n\n\n\n<p>\u201cN\u00f3s estamos concluindo a implanta\u00e7\u00e3o do Plano de Conting\u00eancia do Estado e preparando cada vez mais o sistema de Sa\u00fade para dar as respostas adequadas para a popula\u00e7\u00e3o, por isso que toda a estrutura do governo continua trabalhando nessa dire\u00e7\u00e3o e esse \u00e9 o nosso compromisso\u201d, disse.<\/p>\n\n\n\n<p>Jo\u00e3o Azev\u00eado informou tamb\u00e9m que, em breve, estar\u00e1 entregando mais uma unidade hospitalar, que funcionar\u00e1 no antigo Hospital Santa Paula, em Jo\u00e3o Pessoa.<\/p>\n\n\n\n<p>\u201cNeste momento, o hospital ser\u00e1 utilizado para o tratamento da Covid-19 e, passada essa fase, n\u00f3s vamos colocar a maternidade em funcionamento para que possamos construir a nova Frei Dami\u00e3o, cujo projeto est\u00e1 pronto e j\u00e1 est\u00e1 em processo de licita\u00e7\u00e3o e com recursos garantidos\u201d, afirmou.<\/p>\n","protected":false},"excerpt":{"rendered":"<p>O governador Jo\u00e3o Azev\u00eado anunciou nesta segunda-feira (8), durante o programa semanal \u2018Fala, governador\u2019, transmitido em cadeia estadual pela R\u00e1dio Tabajara, o envio de 21&hellip; <\/p>\n","protected":false},"author":2,"featured_media":173332,"comment_status":"closed","ping_status":"closed","sticky":false,"template":"","format":"standard","meta":{"sfsi_plus_gutenberg_text_before_share":"","sfsi_plus_gutenberg_show_text_before_share":"","sfsi_plus_gutenberg_icon_type":"","sfsi_plus_gutenberg_icon_alignemt":"","sfsi_plus_gutenburg_max_per_row":"","footnotes":""},"categories":[2],"tags":[],"class_list":["post-173331","post","type-post","status-publish","format-standard","has-post-thumbnail","hentry","category-geral"],"_links":{"self":[{"href":"https:\/\/www.caririemacao.com\/1\/wp-json\/wp\/v2\/posts\/173331","targetHints":{"allow":["GET"]}}],"collection":[{"href":"https:\/\/www.caririemacao.com\/1\/wp-json\/wp\/v2\/posts"}],"about":[{"href":"https:\/\/www.caririemacao.com\/1\/wp-json\/wp\/v2\/types\/post"}],"author":[{"embeddable":true,"href":"https:\/\/www.caririemacao.com\/1\/wp-json\/wp\/v2\/users\/2"}],"replies":[{"embeddable":true,"href":"https:\/\/www.caririemacao.com\/1\/wp-json\/wp\/v2\/comments?post=173331"}],"version-history":[{"count":1,"href":"https:\/\/www.caririemacao.com\/1\/wp-json\/wp\/v2\/posts\/173331\/revisions"}],"predecessor-version":[{"id":173333,"href":"https:\/\/www.caririemacao.com\/1\/wp-json\/wp\/v2\/posts\/173331\/revisions\/173333"}],"wp:featuredmedia":[{"embeddable":true,"href":"https:\/\/www.caririemacao.com\/1\/wp-json\/wp\/v2\/media\/173332"}],"wp:attachment":[{"href":"https:\/\/www.caririemacao.com\/1\/wp-json\/wp\/v2\/media?parent=173331"}],"wp:term":[{"taxonomy":"category","embeddable":true,"href":"https:\/\/www.caririemacao.com\/1\/wp-json\/wp\/v2\/categories?post=173331"},{"taxonomy":"post_tag","embeddable":true,"href":"https:\/\/www.caririemacao.com\/1\/wp-json\/wp\/v2\/tags?post=173331"}],"curies":[{"name":"wp","href":"https:\/\/api.w.org\/{rel}","templated":true}]}}