{"id":173335,"date":"2020-06-09T05:49:58","date_gmt":"2020-06-09T08:49:58","guid":{"rendered":"https:\/\/www.caririemacao.com\/1\/?p=173335"},"modified":"2020-06-09T05:49:58","modified_gmt":"2020-06-09T08:49:58","slug":"brasil-registra-849-mortes-por-covid-19-conforme-consorcio-midiatico","status":"publish","type":"post","link":"https:\/\/www.caririemacao.com\/1\/2020\/06\/09\/brasil-registra-849-mortes-por-covid-19-conforme-consorcio-midiatico\/","title":{"rendered":"Brasil registra 849 mortes por Covid-19, conforme cons\u00f3rcio midi\u00e1tico"},"content":{"rendered":"\n<h1 class=\"wp-block-heading\"><\/h1>\n\n\n\n<p>Os dados s\u00e3o fruto de uma colabora\u00e7\u00e3o in\u00e9dita entre Folha de S.Paulo, O Estado de S. Paulo, O Globo, Extra, G1 e UOL para reunir e informar n\u00fameros sobre o novo coronav\u00edrus.<\/p>\n\n\n\n<p>As informa\u00e7\u00f5es s\u00e3o coletadas com as Secretarias de Sa\u00fade, e o balan\u00e7o ser\u00e1 fechado \u00e0s 20h de cada dia.<\/p>\n\n\n\n<p>A iniciativa \u00e9 uma resposta a atitudes recentes do governo Jair Bolsonaro, que amea\u00e7ou sonegar dados, atrasou boletins, retirou informa\u00e7\u00f5es do ar, deixou de divulgar totais de casos e mortes e divulgou dados conflitantes.<\/p>\n\n\n\n<p>Os n\u00fameros contabilizados pelo cons\u00f3rcio de ve\u00edculos de imprensa diferem do que foi divulgado pelo Minist\u00e9rio da Sa\u00fade, que registrou 679 novas mortes e 15.654 casos confirmados nas \u00faltimas 24 horas.<\/p>\n\n\n\n<p>A pasta n\u00e3o incluiu no balan\u00e7o n\u00fameros de Alagoas e Santa Catarina. Segundo o minist\u00e9rio, as duas secretarias n\u00e3o divulgaram os seus dados at\u00e9 o momento da conclus\u00e3o do boletim.<\/p>\n\n\n\n<p>As informa\u00e7\u00f5es relativas aos estados, por\u00e9m, foram publicadas nos sites das respectivas secretarias e inclu\u00eddas na contagem feita pelo cons\u00f3rcio de ve\u00edculos de imprensa. Foram 21 mortes e 633 novos casos em Alagoas e 6 mortes e 177 novos casos em Santa Catarina.<\/p>\n\n\n\n<p>O Brasil \u00e9 o terceiro pa\u00eds com mais mortes pela doen\u00e7a e tem registrado, na \u00faltima semana, recordes di\u00e1rios de \u00f3bitos. A Covid-19 mata mais de um brasileiro por minuto e faz mais v\u00edtimas que doen\u00e7as card\u00edacas, c\u00e2ncer, acidentes de tr\u00e2nsito e homic\u00eddios.<\/p>\n\n\n\n<p>Diferentemente dos demais pa\u00edses com grande n\u00famero de casos, o Brasil ainda n\u00e3o come\u00e7ou a achatar a curva de dissemina\u00e7\u00e3o da doen\u00e7a. Com a flexibiliza\u00e7\u00e3o de medidas de isolamento social, o que vem sendo adotado por boa parte dos governadores, \u00e9 poss\u00edvel que o \u00edndice de contamina\u00e7\u00e3o cres\u00e7a.<\/p>\n\n\n\n<p>Em n\u00famero total de casos, o Brasil fica atr\u00e1s apenas dos Estados Unidos.<\/p>\n\n\n\n<p>Desde a semana passada, o Minist\u00e9rio da Sa\u00fade vem amea\u00e7ando sonegar dados sobre a doen\u00e7a. De in\u00edcio, a pasta come\u00e7ou a atrasar a divulga\u00e7\u00e3o dos boletins di\u00e1rios, e Bolsonaro ironizou a medida, dizendo que os n\u00fameros n\u00e3o sairiam mais no Jornal Nacional, da TV Globo.<\/p>\n\n\n\n<p>As medidas foram alvo de cr\u00edticas de pesquisadores, m\u00e9dicos, pol\u00edticos, integrantes do Judici\u00e1rio e secret\u00e1rios de Sa\u00fade, que cobraram transpar\u00eancia da administra\u00e7\u00e3o federal.<\/p>\n\n\n\n<p>Nesta segunda, ao falar sobre o Brasil, o diretor-executivo da Organiza\u00e7\u00e3o Mundial da Sa\u00fade (OMS), Michael Ryan, destacou a necessidade de haver coer\u00eancia nas mensagens relacionadas \u00e0 pandemia.<\/p>\n\n\n\n<p>Na sexta (5), o Minist\u00e9rio da Sa\u00fade decidiu mudar a metodologia de divulga\u00e7\u00e3o dos boletins di\u00e1rios, deixando de informar os n\u00fameros totais de casos e mortes e mantendo apenas os novos registros em cada dia.<\/p>\n\n\n\n<p>Nesta segunda, a pasta recuou e disse que vai manter dispon\u00edveis os n\u00fameros acumulados.<\/p>\n\n\n\n<p>No entanto, afirmou que vai promover uma mudan\u00e7a na divulga\u00e7\u00e3o, dando destaque para os dados efetivamente registrados nas \u00faltimas 24 horas.<\/p>\n\n\n\n<p>A pasta informou que vai adotar o modelo de divulga\u00e7\u00e3o com dados com base na data de ocorr\u00eancia dos \u00f3bitos \u2013e n\u00e3o pela data de notifica\u00e7\u00e3o, como vinha acontecendo desde o in\u00edcio da pandemia. O modelo que ser\u00e1 abandonado \u00e9 usado por praticamente todos os pa\u00edses.<\/p>\n\n\n\n<p>O site oficial que reunia dados completos sobre o coronav\u00edrus saiu do ar na sexta. Foi reativado no s\u00e1bado (6), mas sem a maior parte das informa\u00e7\u00f5es que costumava ter, como mapas da situa\u00e7\u00e3o por munic\u00edpio, curvas de casos e mortes e taxas de incid\u00eancia.<\/p>\n\n\n\n<p>Tamb\u00e9m n\u00e3o \u00e9 mais poss\u00edvel baixar uma tabela com n\u00fameros dos estados, algo importante para o trabalho de pesquisadores e jornalistas. Oficialmente, a pasta diz que prepara uma nova plataforma.<\/p>\n\n\n\n<p>No domingo (7), o minist\u00e9rio divulgou n\u00fameros divergentes de mortes e casos em um intervalo de poucas horas. A confirma\u00e7\u00e3o do n\u00famero correto veio apenas no dia seguinte.<\/p>\n\n\n\n<p>Em raz\u00e3o das omiss\u00f5es do governo federal, a parceria entre os ve\u00edculos de comunica\u00e7\u00e3o vai coletar os n\u00fameros diretamente nas secretarias estaduais de Sa\u00fade.<\/p>\n\n\n\n<p>Cada \u00f3rg\u00e3o de imprensa divulgar\u00e1 o resultado desse acompanhamento em seus respectivos canais. O grupo vai chamar a aten\u00e7\u00e3o do p\u00fablico se n\u00e3o houver transpar\u00eancia e regularidade na divulga\u00e7\u00e3o dos dados pelos estados.<\/p>\n","protected":false},"excerpt":{"rendered":"<p>Os dados s\u00e3o fruto de uma colabora\u00e7\u00e3o in\u00e9dita entre Folha de S.Paulo, O Estado de S. Paulo, O Globo, Extra, G1 e UOL para reunir&hellip; <\/p>\n","protected":false},"author":2,"featured_media":173336,"comment_status":"closed","ping_status":"closed","sticky":false,"template":"","format":"standard","meta":{"sfsi_plus_gutenberg_text_before_share":"","sfsi_plus_gutenberg_show_text_before_share":"","sfsi_plus_gutenberg_icon_type":"","sfsi_plus_gutenberg_icon_alignemt":"","sfsi_plus_gutenburg_max_per_row":"","footnotes":""},"categories":[2],"tags":[],"class_list":["post-173335","post","type-post","status-publish","format-standard","has-post-thumbnail","hentry","category-geral"],"_links":{"self":[{"href":"https:\/\/www.caririemacao.com\/1\/wp-json\/wp\/v2\/posts\/173335","targetHints":{"allow":["GET"]}}],"collection":[{"href":"https:\/\/www.caririemacao.com\/1\/wp-json\/wp\/v2\/posts"}],"about":[{"href":"https:\/\/www.caririemacao.com\/1\/wp-json\/wp\/v2\/types\/post"}],"author":[{"embeddable":true,"href":"https:\/\/www.caririemacao.com\/1\/wp-json\/wp\/v2\/users\/2"}],"replies":[{"embeddable":true,"href":"https:\/\/www.caririemacao.com\/1\/wp-json\/wp\/v2\/comments?post=173335"}],"version-history":[{"count":1,"href":"https:\/\/www.caririemacao.com\/1\/wp-json\/wp\/v2\/posts\/173335\/revisions"}],"predecessor-version":[{"id":173337,"href":"https:\/\/www.caririemacao.com\/1\/wp-json\/wp\/v2\/posts\/173335\/revisions\/173337"}],"wp:featuredmedia":[{"embeddable":true,"href":"https:\/\/www.caririemacao.com\/1\/wp-json\/wp\/v2\/media\/173336"}],"wp:attachment":[{"href":"https:\/\/www.caririemacao.com\/1\/wp-json\/wp\/v2\/media?parent=173335"}],"wp:term":[{"taxonomy":"category","embeddable":true,"href":"https:\/\/www.caririemacao.com\/1\/wp-json\/wp\/v2\/categories?post=173335"},{"taxonomy":"post_tag","embeddable":true,"href":"https:\/\/www.caririemacao.com\/1\/wp-json\/wp\/v2\/tags?post=173335"}],"curies":[{"name":"wp","href":"https:\/\/api.w.org\/{rel}","templated":true}]}}