{"id":173343,"date":"2020-06-09T05:57:30","date_gmt":"2020-06-09T08:57:30","guid":{"rendered":"https:\/\/www.caririemacao.com\/1\/?p=173343"},"modified":"2020-06-09T05:57:30","modified_gmt":"2020-06-09T08:57:30","slug":"stf-prorroga-inquerito-sobre-suposta-interferencia-na-policia-federal","status":"publish","type":"post","link":"https:\/\/www.caririemacao.com\/1\/2020\/06\/09\/stf-prorroga-inquerito-sobre-suposta-interferencia-na-policia-federal\/","title":{"rendered":"STF prorroga inqu\u00e9rito sobre suposta interfer\u00eancia na Pol\u00edcia Federal"},"content":{"rendered":"\n<h1 class=\"wp-block-heading\"><\/h1>\n\n\n\n<p>O ministro Celso de Mello, do Supremo Tribunal Federal (STF), autorizou a prorroga\u00e7\u00e3o, por 30 dias, do inqu\u00e9rito aberto pela Pol\u00edcia Federal (PF) para apurar a suposta interfer\u00eancia pol\u00edtica do presidente Jair Bolsonaro na Pol\u00edcia Federal (PF) e o crime de denuncia\u00e7\u00e3o caluniosa por parte do ex-ministro da Justi\u00e7a e Seguran\u00e7a P\u00fablica Sergio Moro.<\/p>\n\n\n\n<p>A decis\u00e3o do ministro foi assinada no dia 4 de junho e divulgada hoje (8).<\/p>\n\n\n\n<p>Na semana passada, a delegada Christiane Correa Machado, chefe do Servi\u00e7o de Inqu\u00e9ritos da Diretoria de Investiga\u00e7\u00e3o e Combate ao Crime Organizado, pediu mais 30 dias para concluir a investiga\u00e7\u00e3o criminal.<\/p>\n\n\n\n<p>Diante do pedido, o ministro, que \u00e9 relator do inqu\u00e9rito, pediu a manifesta\u00e7\u00e3o do procurador-geral da Rep\u00fablica, Augusto Aras, antes de autorizar o prosseguimento das investiga\u00e7\u00f5es. No parecer enviado ao Supremo, Aras concordou com a prorroga\u00e7\u00e3o.<\/p>\n\n\n\n<p>Desde a exonera\u00e7\u00e3o de Moro, o presidente nega que tenha pedido para o ent\u00e3o ministro interferir em investiga\u00e7\u00f5es da PF.<\/p>\n","protected":false},"excerpt":{"rendered":"<p>O ministro Celso de Mello, do Supremo Tribunal Federal (STF), autorizou a prorroga\u00e7\u00e3o, por 30 dias, do inqu\u00e9rito aberto pela Pol\u00edcia Federal (PF) para apurar&hellip; <\/p>\n","protected":false},"author":2,"featured_media":173344,"comment_status":"closed","ping_status":"closed","sticky":false,"template":"","format":"standard","meta":{"sfsi_plus_gutenberg_text_before_share":"","sfsi_plus_gutenberg_show_text_before_share":"","sfsi_plus_gutenberg_icon_type":"","sfsi_plus_gutenberg_icon_alignemt":"","sfsi_plus_gutenburg_max_per_row":"","footnotes":""},"categories":[12],"tags":[],"class_list":["post-173343","post","type-post","status-publish","format-standard","has-post-thumbnail","hentry","category-policia"],"_links":{"self":[{"href":"https:\/\/www.caririemacao.com\/1\/wp-json\/wp\/v2\/posts\/173343","targetHints":{"allow":["GET"]}}],"collection":[{"href":"https:\/\/www.caririemacao.com\/1\/wp-json\/wp\/v2\/posts"}],"about":[{"href":"https:\/\/www.caririemacao.com\/1\/wp-json\/wp\/v2\/types\/post"}],"author":[{"embeddable":true,"href":"https:\/\/www.caririemacao.com\/1\/wp-json\/wp\/v2\/users\/2"}],"replies":[{"embeddable":true,"href":"https:\/\/www.caririemacao.com\/1\/wp-json\/wp\/v2\/comments?post=173343"}],"version-history":[{"count":1,"href":"https:\/\/www.caririemacao.com\/1\/wp-json\/wp\/v2\/posts\/173343\/revisions"}],"predecessor-version":[{"id":173345,"href":"https:\/\/www.caririemacao.com\/1\/wp-json\/wp\/v2\/posts\/173343\/revisions\/173345"}],"wp:featuredmedia":[{"embeddable":true,"href":"https:\/\/www.caririemacao.com\/1\/wp-json\/wp\/v2\/media\/173344"}],"wp:attachment":[{"href":"https:\/\/www.caririemacao.com\/1\/wp-json\/wp\/v2\/media?parent=173343"}],"wp:term":[{"taxonomy":"category","embeddable":true,"href":"https:\/\/www.caririemacao.com\/1\/wp-json\/wp\/v2\/categories?post=173343"},{"taxonomy":"post_tag","embeddable":true,"href":"https:\/\/www.caririemacao.com\/1\/wp-json\/wp\/v2\/tags?post=173343"}],"curies":[{"name":"wp","href":"https:\/\/api.w.org\/{rel}","templated":true}]}}