{"id":173347,"date":"2020-06-09T05:59:38","date_gmt":"2020-06-09T08:59:38","guid":{"rendered":"https:\/\/www.caririemacao.com\/1\/?p=173347"},"modified":"2020-06-09T05:59:38","modified_gmt":"2020-06-09T08:59:38","slug":"paraiba-registra-641-novos-casos-de-covid-19-nesta-segunda-estado-confirma-507-mortes-e-total-de-infectados-chega-a-20-951","status":"publish","type":"post","link":"https:\/\/www.caririemacao.com\/1\/2020\/06\/09\/paraiba-registra-641-novos-casos-de-covid-19-nesta-segunda-estado-confirma-507-mortes-e-total-de-infectados-chega-a-20-951\/","title":{"rendered":"Para\u00edba registra 641 novos casos de covid-19 nesta segunda; Estado confirma 507 mortes e total de infectados chega a 20.951"},"content":{"rendered":"\n<h1 class=\"wp-block-heading\"><\/h1>\n\n\n\n<p>A Para\u00edba registrou at\u00e9 a tarde desta segunda-feira (8) um total de 20.951 infectados com a covid-19. Os n\u00fameros divulgados tamb\u00e9m incluem o total de 20.540 casos descartados, 507 mortes confirmadas e 4.340 casos de pessoas recuperadas. S\u00e3o 641 novos casos de Covid-19 e 23 \u00f3bitos confirmados&nbsp;<a href=\"https:\/\/www.clickpb.com.br\/saude\/paraiba-ultrapassa-os-20-mil-casos-de-covid-19-e-chega-484-mortes-pela-doenca-ate-este-domingo-285394.html\">desde a \u00faltima atualiza\u00e7\u00e3o<\/a>, sendo 6 ocorridos&nbsp;nas \u00faltimas 24 horas.<\/p>\n\n\n\n<ul class=\"wp-block-list\"><li>Casos Confirmados: 20.951<\/li><li>Casos Descartados: 20.540<\/li><li>\u00d3bitos confirmados: 507<\/li><li>Casos recuperados: 4.340<\/li><li>Total de munic\u00edpios: 206<\/li><\/ul>\n\n\n\n<p>Foram realizados 65.674 testes para diagnosticar covid-19, entre Testes R\u00e1pidos e do tipo PCR.<\/p>\n\n\n\n<p>A ocupa\u00e7\u00e3o total de leitos de UTI (adulto, pedi\u00e1trico e obst\u00e9trico) em todo o estado \u00e9 de 69%. Fazendo um recorte apenas dos leitos de UTI para adultos na Regi\u00e3o Metropolitana de Jo\u00e3o Pessoa, a taxa de ocupa\u00e7\u00e3o chega a 81%. Em Campina Grande, est\u00e3o ocupados 69% dos leitos de UTI adulto e no sert\u00e3o, 59% do total de leitos. O \u00edndice de Isolamento Social foi de apenas 48%, considerado baixo em rela\u00e7\u00e3o \u00e0 meta de 70% e \u00e0 m\u00ednima de 50%, mesmo com a ado\u00e7\u00e3o de medidas r\u00edgidas na regi\u00e3o metropolitana de Jo\u00e3o Pessoa.<\/p>\n\n\n\n<p>Os casos confirmados est\u00e3o distribu\u00eddos por 206 dos 223 munic\u00edpios paraibanos:<\/p>\n\n\n\n<p>\u00c1gua Branca (7); Aguiar (1); Alagoa Grande (118); Alagoa Nova (55); Alagoinha (179); Alcantil (4) Alhandra (194); Amparo (12); Aparecida (9); Ara\u00e7agi (76); Arara (25); Araruna (5); Areia (74); Areia de Bara\u00fanas (1); Areial (15); Aroeiras (42); Assun\u00e7\u00e3o (19); Baia da Trai\u00e7\u00e3o (64); Bananeiras (39); Bara\u00fana (53); Barra de Santa Rosa (12); Barra de Santana (23); Barra de S\u00e3o Miguel (3); Bayeux (479); Bel\u00e9m (73); Bel\u00e9m do Brejo do Cruz (3); Bernardino Batista (1); Boa Ventura (1);&nbsp; Boa Vista (44); Bom Jesus (1); Bom Sucesso (2); Bonito de Santa F\u00e9 (1); Boqueir\u00e3o (43); Borborema (2);&nbsp; Brejo do Cruz (12); Brejo dos Santos (1);&nbsp; Caapor\u00e3 (492); Cabaceiras (2); Cabedelo (1154); Cachoeira dos \u00cdndios (11); Cacimba de Areia (5); Cacimba de Dentro (30); Cacimbas (7); Cai\u00e7ara (29); Cajazeiras (148); Cajazeirinhas (1); Caldas Brand\u00e3o (22); Campina Grande (2650); Capim (52);&nbsp; Cara\u00fabas (1); Carrapateira (1); Casserengue (24); Catingueira (5), Catol\u00e9 do Rocha (67); Caturit\u00e9 (20); Concei\u00e7\u00e3o (4);&nbsp; Condado (45);&nbsp; Conde (140); Congo (11); Coremas (17); Coxixola (7); Cruz do Esp\u00edrito Santo (139); Cubati (3); Cuit\u00e9 (10);&nbsp; Cuit\u00e9 de Mamanguape (13); Cuiteg\u00ed (56); Curral de Cima (10); Curral Velho (1), Dami\u00e3o (2); Desterro (13); Diamente (1); Dona In\u00eas (3); Duas Estradas (31); Emas (1); Esperan\u00e7a (106); Fagundes (10); Gado Bravo (42);&nbsp; Guarabira (889); Gurinh\u00e9m (67); Gurj\u00e3o (15); Ibiara (5); Igaracy (2); Imaculada (9); Ing\u00e1 (104); Itabaiana (304); Itaporanga (3); Itapororoca (43); Itatuba (66); Jacara\u00fa (25); Jeric\u00f3 (2);&nbsp; Jo\u00e3o Pessoa (6246); Joca Claudino (1); Juarez T\u00e1vora (43); Juazeirinho (60);&nbsp; Junco do Serid\u00f3 (12); Juripiranga (149); Juru (5); Lagoa (3); Lagoa de Dentro (9); Lagoa Seca (145); Lastro (1); Logradouro (11); Lucena (94); M\u00e3e d&#8217;\u00c1gua (8); Malta (18); Mamanguape (340); Mana\u00edra (2); Marca\u00e7\u00e3o (9);&nbsp; Mari (158); Mariz\u00f3polis (4); Massaranduba (50); Mataraca (32); Matinhas (20); Mato Grosso (7); Matureia (12); Mogeiro (16);&nbsp; Montadas (13); Monteiro (35); Mulungu (42); Natuba (14); Nazarezinho (1); Nova Floresta (4), Nova Olinda (3); Nova Palmeira (6); Olho D\u00b4\u00c1gua (22); Olivedos (6);&nbsp; Ouro Velho (1); Passagem (13); Patos (778); Paulista (32); Pedra Lavrada (9); Pedras de Fogo (355); Pedro R\u00e9gis (1); Pianc\u00f3 (24); Picu\u00ed (34); Pilar (54); Pil\u00f5es (15); Pil\u00f5ezinhos (69); Pirpirituba (27); Pitimbu (140); Pocinhos (11);&nbsp; Pombal (82); Prata (1); Princesa Isabel (15); Puxinan\u00e3 (67);&nbsp; Queimadas (153); Quixaba (6); Rem\u00edgio (90); Riach\u00e3o (1); Riach\u00e3o do Bacamarte (118);&nbsp; Riach\u00e3o do Po\u00e7o (10); Riacho de Santo Ant\u00f4nio (5); Riacho dos Cavalos (2); Rio Tinto (98); Salgadinho (8); Salgado de S\u00e3o Felix (38); Santa Cec\u00edlia (8); Santa Cruz (2); Santa Helena (2); Santa In\u00eas (3);&nbsp; Santa Luzia (82); Santa Rita (756); Santa Terezinha (18); Santana dos Garrotes (2); Santo Andr\u00e9 (1); S\u00e3o Bentinho (12); S\u00e3o Bento (262); S\u00e3o Francisco (5);&nbsp; S\u00e3o Jo\u00e3o do Cariri (10); S\u00e3o Jo\u00e3o do Rio do Peixe (15); S\u00e3o Jo\u00e3o do Tigre (1); S\u00e3o Jos\u00e9 da Lagoa Tapada (15); S\u00e3o Jos\u00e9 de Caiana (16); S\u00e3o Jos\u00e9 de Espinharas (4); S\u00e3o Jos\u00e9 de Piranhas (9); S\u00e3o Jos\u00e9 do Bonfim (18); S\u00e3o Jos\u00e9 do Sabugi (84); S\u00e3o Jos\u00e9 dos Cordeiros (3); S\u00e3o Jos\u00e9 dos Ramos (21); S\u00e3o Mamede (18); S\u00e3o Miguel de Taipu (38); S\u00e3o Sebasti\u00e3o de Lagoa de Ro\u00e7a (35); S\u00e3o Sebasti\u00e3o do Umbuzeiro (4); S\u00e3o Vicente do Serid\u00f3 (18); Sap\u00e9 (296); Serra Branca (2); Serra da Ra\u00edz (11); Serra Grande (1); Serra Redonda (63); Serraria (18); Sert\u00e3ozinho (18); Sobrado (29); Sol\u00e2nea (93); Soledade (19); Sousa (298); Sum\u00e9 (38); Tacima (32); Tapero\u00e1 (35); Tavares (8); Teixeira (28); Ten\u00f3rio (2); Uira\u00fana (5); Umbuzeiro (17); V\u00e1rzea (1); Vieir\u00f3polis (3); Vista Serrana (1).<\/p>\n\n\n\n<p>*Dados Oficiais preliminares (fonte e-sus VE e SIVEP) extra\u00eddos \u00e0s 10h do dia 08\/06, sujeitos a revis\u00e3o.<\/p>\n\n\n\n<p>23 \u00f3bitos foram confirmados, sendo 06 deles ocorridos nas \u00faltimas 24h.<\/p>\n\n\n\n<p>Homem, 40 anos, residente em Cabedelo. Hipertenso, diab\u00e9tico. In\u00edcio dos sintomas em 02\/06, veio a \u00f3bito em hospital p\u00fablico em 07\/06.<\/p>\n\n\n\n<p>Mulher, 78 anos, residente em Jo\u00e3o Pessoa. Sem informa\u00e7\u00e3o de comorbidades. In\u00edcio dos sintomas em 15\/05, veio a \u00f3bito em hospital p\u00fablico em 29\/05<\/p>\n\n\n\n<p>Homem, 78 anos, residente em Bayeux. Portador de doen\u00e7a renal e diabetes. In\u00edcio dos sintomas em 15\/05, veio a \u00f3bito em hospital p\u00fablico em 29\/05.<\/p>\n\n\n\n<p>Homem, 56 anos, residente em Bayeux. Hipertenso. In\u00edcio dos sintomas em 18\/05. Veio a \u00f3bito em sua resid\u00eancia&nbsp; em 24\/05.<\/p>\n\n\n\n<p>Mulher, 94 anos, residente em Bayeux. Hipertensa. In\u00edcio dos sintomas em 31\/05. Veio a \u00f3bito em sua resid\u00eancia em 02\/06.<\/p>\n\n\n\n<p>Homem, 80 anos, residente em Jo\u00e3o Pessoa. Portador de doen\u00e7a renal&nbsp; e neurol\u00f3gica. In\u00edcio dos sintomas em 12\/05, veio a \u00f3bito em hospital p\u00fablico no dia 16\/05.<\/p>\n\n\n\n<p>Mulher, 80 anos, residente em Jo\u00e3o Pessoa. Hipertensa, diab\u00e9tica. In\u00edcio dos sintomas em 12\/05, veio a \u00f3bito em hospital p\u00fablico no dia 16\/05<\/p>\n\n\n\n<p>Homem, 92 anos, residente em Jo\u00e3o Pessoa. Sem informa\u00e7\u00e3o de comorbidades. In\u00edcio dos sintomas em 13\/05, veio a \u00f3bito em hospital p\u00fablico no dia 20\/05.<\/p>\n\n\n\n<p>Homem, 78 anos, residente em Jo\u00e3o Pessoa. Diab\u00e9tico. In\u00edcio dos sintomas em 15\/05, veio a \u00f3bito em hospital p\u00fablico no dia 21\/05.<\/p>\n\n\n\n<p>Mulher, 67 anos, residente em Jo\u00e3o Pessoa. Diab\u00e9tica. In\u00edcio dos sintomas em 10\/05. Veio a \u00f3bito em hospital p\u00fablico no dia 20\/05<\/p>\n\n\n\n<p>Homem, 82 anos, residente em Jo\u00e3o Pessoa. Sem informa\u00e7\u00e3o de comorbidades. In\u00edcio dos sintomas em 16\/05, veio a \u00f3bito em hospital p\u00fablico no dia 21\/05.<\/p>\n\n\n\n<p>Mulher, 45 anos, residente em Jo\u00e3o Pessoa. Diab\u00e9tica. In\u00edcio dos sintomas em 10\/05, veio a \u00f3bito em hospital p\u00fablico em 22\/05.<\/p>\n\n\n\n<p>Mulher, 75 anos, residente em Alhandra. Cardiopata. In\u00edcio dos sintomas em 20\/05, veio a \u00f3bito em hospital p\u00fablico no dia 24\/05<\/p>\n\n\n\n<p>Homem, 58 anos, residente em Jo\u00e3o Pessoa. Diab\u00e9tico. In\u00edcio dos sintomas em 15\/05, veio a \u00f3bito em hospital p\u00fablico em 25\/05.<\/p>\n\n\n\n<p>Homem, 90 anos, residente em Guarabira. Cardiopata. In\u00edcio dos sintomas em 27\/05, veio a \u00f3bito em hospital p\u00fablico em 28\/05.<\/p>\n\n\n\n<p>Homem, 80 anos, residente em Jo\u00e3o Pessoa. Cardiopata, portador de doen\u00e7a renal e sequelas de AVC. In\u00edcio dos sintomas em 20\/05, veio a \u00f3bito em hospital p\u00fablico no dia 30\/05.<\/p>\n\n\n\n<p>Homem, 51 anos, residente em Jo\u00e3o Pessoa. Portador de doen\u00e7a hep\u00e1tica. In\u00edcio dos sintomas em 24\/04, veio a \u00f3bito em hospital p\u00fablico no dia 30\/05<\/p>\n\n\n\n<p>Homem, 51 anos, residente em Santa Rita. Diab\u00e9tico. In\u00edcio dos sintomas em 27\/05, veio a \u00f3bito em hospital p\u00fablico em 30\/05.<\/p>\n\n\n\n<p>Homem, 82 anos, residente em Jo\u00e3o Pessoa. Hipertenso, diab\u00e9tico. In\u00edcio dos sintomas em 15\/05, veio a \u00f3bito em hospital p\u00fablico em 08\/06.<\/p>\n\n\n\n<p>Homem, 58 anos, residente em Jo\u00e3o Pessoa. Sem Comorbidades. In\u00edcio dos sintomas&nbsp; em 05\/06, veio a \u00f3bito em hospital p\u00fablico no dia 07\/06<\/p>\n\n\n\n<p>Homem, 84 anos, residente em Patos. Hipertenso, cardiopata. In\u00edcio dos sintomas em 18\/05, veio a \u00f3bito em hospital p\u00fablico em 08\/06<\/p>\n\n\n\n<p>Homem 98 anos, residente em Patos. Sem informa\u00e7\u00e3o de comorbidade. In\u00edcio dos sintomas em 29\/05, veio a \u00f3bito em hospital p\u00fablico em 08\/06<\/p>\n\n\n\n<p>Mulher, 74 anos, residente em Patos. Sem informa\u00e7\u00e3o de comorbidade. In\u00edcio dos sintomas em 20\/05, veio a \u00f3bito em hospital p\u00fablico em 08\/06.<\/p>\n","protected":false},"excerpt":{"rendered":"<p>A Para\u00edba registrou at\u00e9 a tarde desta segunda-feira (8) um total de 20.951 infectados com a covid-19. Os n\u00fameros divulgados tamb\u00e9m incluem o total de&hellip; <\/p>\n","protected":false},"author":2,"featured_media":173348,"comment_status":"closed","ping_status":"closed","sticky":false,"template":"","format":"standard","meta":{"sfsi_plus_gutenberg_text_before_share":"","sfsi_plus_gutenberg_show_text_before_share":"","sfsi_plus_gutenberg_icon_type":"","sfsi_plus_gutenberg_icon_alignemt":"","sfsi_plus_gutenburg_max_per_row":"","footnotes":""},"categories":[16],"tags":[],"class_list":["post-173347","post","type-post","status-publish","format-standard","has-post-thumbnail","hentry","category-saude"],"_links":{"self":[{"href":"https:\/\/www.caririemacao.com\/1\/wp-json\/wp\/v2\/posts\/173347","targetHints":{"allow":["GET"]}}],"collection":[{"href":"https:\/\/www.caririemacao.com\/1\/wp-json\/wp\/v2\/posts"}],"about":[{"href":"https:\/\/www.caririemacao.com\/1\/wp-json\/wp\/v2\/types\/post"}],"author":[{"embeddable":true,"href":"https:\/\/www.caririemacao.com\/1\/wp-json\/wp\/v2\/users\/2"}],"replies":[{"embeddable":true,"href":"https:\/\/www.caririemacao.com\/1\/wp-json\/wp\/v2\/comments?post=173347"}],"version-history":[{"count":1,"href":"https:\/\/www.caririemacao.com\/1\/wp-json\/wp\/v2\/posts\/173347\/revisions"}],"predecessor-version":[{"id":173349,"href":"https:\/\/www.caririemacao.com\/1\/wp-json\/wp\/v2\/posts\/173347\/revisions\/173349"}],"wp:featuredmedia":[{"embeddable":true,"href":"https:\/\/www.caririemacao.com\/1\/wp-json\/wp\/v2\/media\/173348"}],"wp:attachment":[{"href":"https:\/\/www.caririemacao.com\/1\/wp-json\/wp\/v2\/media?parent=173347"}],"wp:term":[{"taxonomy":"category","embeddable":true,"href":"https:\/\/www.caririemacao.com\/1\/wp-json\/wp\/v2\/categories?post=173347"},{"taxonomy":"post_tag","embeddable":true,"href":"https:\/\/www.caririemacao.com\/1\/wp-json\/wp\/v2\/tags?post=173347"}],"curies":[{"name":"wp","href":"https:\/\/api.w.org\/{rel}","templated":true}]}}