{"id":173351,"date":"2020-06-09T06:02:50","date_gmt":"2020-06-09T09:02:50","guid":{"rendered":"https:\/\/www.caririemacao.com\/1\/?p=173351"},"modified":"2020-06-09T06:02:50","modified_gmt":"2020-06-09T09:02:50","slug":"uepb-vai-ofertar-2-929-vagas-para-o-segundo-semestre-atraves-do-sisu","status":"publish","type":"post","link":"https:\/\/www.caririemacao.com\/1\/2020\/06\/09\/uepb-vai-ofertar-2-929-vagas-para-o-segundo-semestre-atraves-do-sisu\/","title":{"rendered":"UEPB vai ofertar 2.929 vagas para o segundo semestre atrav\u00e9s do Sisu"},"content":{"rendered":"\n<h1 class=\"wp-block-heading\"><\/h1>\n\n\n\n<p>A Universidade Estadual da Para\u00edba vai ofertar 2.929 vagas para ingresso de estudantes atrav\u00e9s do Sistema de Sele\u00e7\u00e3o Unificada (SiSU) 2020.2. A decis\u00e3o foi tomada pelo Conselho de Ensino, Pesquisa e Extens\u00e3o (Consepe) da UEPB, em reuni\u00e3o realizada na sexta-feira (5). S\u00e3o vagas para os cursos de gradua\u00e7\u00e3o dos oito campi da institui\u00e7\u00e3o, conforme o Termo de Ades\u00e3o aprovado pelos conselheiros.<\/p>\n\n\n\n<p>A sele\u00e7\u00e3o para preenchimento das vagas disponibilizadas por meio do SiSU ser\u00e1 efetuada exclusivamente com base nos resultados das notas obtidas pelos estudantes no Exame Nacional do Ensino M\u00e9dio (Enem) 2019. Os estudantes interessados em concorrer \u00e0s vagas disponibilizadas pela UEPB dever\u00e3o verificar as informa\u00e7\u00f5es constantes do Termo de Ades\u00e3o da Institui\u00e7\u00e3o junto ao SiSU.<\/p>\n\n\n\n<p>Para o SiSU 2020.2, ficam estabelecidos para todos os cursos, no m\u00ednimo, 400 pontos como nota m\u00ednima da Reda\u00e7\u00e3o e 400 pontos como a m\u00e9dia m\u00ednima no Enem. A Pr\u00f3-Reitoria de Gradua\u00e7\u00e3o (PROGRAD) publicar\u00e1 edital pr\u00f3prio com as informa\u00e7\u00f5es relativas a datas e outros procedimentos necess\u00e1rios para a matr\u00edcula dos candidatos convocados. Os candidatos \u00e0s vagas devem acompanhar as informa\u00e7\u00f5es do processo seletivo junto ao Minist\u00e9rio da Educa\u00e7\u00e3o (MEC),&nbsp;<a href=\"http:\/\/sisu.mec.gov.br\/\">no site do SiSU<\/a>.<\/p>\n\n\n\n<p>Ao ser convocado, em qualquer uma das chamadas referentes ao processo seletivo SiSU 2020.2, para ter assegurado o direito \u00e0 vaga na UEPB o candidato dever\u00e1 comparecer presencialmente \u00e0 coordena\u00e7\u00e3o do curso em que se inscreveu, portando os seguintes documentos (com as respectivas c\u00f3pias autenticadas): Certificado de Conclus\u00e3o do Ensino M\u00e9dio e Hist\u00f3rico Escolar; RG; CPF; Prova de quita\u00e7\u00e3o com o Servi\u00e7o Militar (no caso de candidatos do sexo masculino); Registro de Nascimento ou Certid\u00e3o de Casamento, Prova de Quita\u00e7\u00e3o com o TRE (para maiores de 18 anos); e uma foto 3&#215;4 recente.<\/p>\n\n\n\n<p>A Resolu\u00e7\u00e3o UEPB\/Consepe\/0226\/2020, que autoriza o processo de ades\u00e3o da UEPB ao SiSU 2020.2 pode ser conferida, na \u00edntegra,&nbsp;<a href=\"http:\/\/transparencia.interno.uepb.edu.br\/download\/resolucao-uepb-consepe-0226-2020-autoriza-adesao-ao-sisu-2020-2\/\">no site da UEPB.<\/a><\/p>\n","protected":false},"excerpt":{"rendered":"<p>A Universidade Estadual da Para\u00edba vai ofertar 2.929 vagas para ingresso de estudantes atrav\u00e9s do Sistema de Sele\u00e7\u00e3o Unificada (SiSU) 2020.2. A decis\u00e3o foi tomada&hellip; <\/p>\n","protected":false},"author":2,"featured_media":173352,"comment_status":"closed","ping_status":"closed","sticky":false,"template":"","format":"standard","meta":{"sfsi_plus_gutenberg_text_before_share":"","sfsi_plus_gutenberg_show_text_before_share":"","sfsi_plus_gutenberg_icon_type":"","sfsi_plus_gutenberg_icon_alignemt":"","sfsi_plus_gutenburg_max_per_row":"","footnotes":""},"categories":[14],"tags":[],"class_list":["post-173351","post","type-post","status-publish","format-standard","has-post-thumbnail","hentry","category-educacao"],"_links":{"self":[{"href":"https:\/\/www.caririemacao.com\/1\/wp-json\/wp\/v2\/posts\/173351","targetHints":{"allow":["GET"]}}],"collection":[{"href":"https:\/\/www.caririemacao.com\/1\/wp-json\/wp\/v2\/posts"}],"about":[{"href":"https:\/\/www.caririemacao.com\/1\/wp-json\/wp\/v2\/types\/post"}],"author":[{"embeddable":true,"href":"https:\/\/www.caririemacao.com\/1\/wp-json\/wp\/v2\/users\/2"}],"replies":[{"embeddable":true,"href":"https:\/\/www.caririemacao.com\/1\/wp-json\/wp\/v2\/comments?post=173351"}],"version-history":[{"count":1,"href":"https:\/\/www.caririemacao.com\/1\/wp-json\/wp\/v2\/posts\/173351\/revisions"}],"predecessor-version":[{"id":173353,"href":"https:\/\/www.caririemacao.com\/1\/wp-json\/wp\/v2\/posts\/173351\/revisions\/173353"}],"wp:featuredmedia":[{"embeddable":true,"href":"https:\/\/www.caririemacao.com\/1\/wp-json\/wp\/v2\/media\/173352"}],"wp:attachment":[{"href":"https:\/\/www.caririemacao.com\/1\/wp-json\/wp\/v2\/media?parent=173351"}],"wp:term":[{"taxonomy":"category","embeddable":true,"href":"https:\/\/www.caririemacao.com\/1\/wp-json\/wp\/v2\/categories?post=173351"},{"taxonomy":"post_tag","embeddable":true,"href":"https:\/\/www.caririemacao.com\/1\/wp-json\/wp\/v2\/tags?post=173351"}],"curies":[{"name":"wp","href":"https:\/\/api.w.org\/{rel}","templated":true}]}}