{"id":173355,"date":"2020-06-09T06:05:23","date_gmt":"2020-06-09T09:05:23","guid":{"rendered":"https:\/\/www.caririemacao.com\/1\/?p=173355"},"modified":"2020-06-09T06:05:23","modified_gmt":"2020-06-09T09:05:23","slug":"mulher-acusada-de-matar-bebe-ao-ter-parto-em-casa-e-esconder-crianca-em-caixa-de-papelao-e-presa-e-liberada-apos-ordem-da-justica","status":"publish","type":"post","link":"https:\/\/www.caririemacao.com\/1\/2020\/06\/09\/mulher-acusada-de-matar-bebe-ao-ter-parto-em-casa-e-esconder-crianca-em-caixa-de-papelao-e-presa-e-liberada-apos-ordem-da-justica\/","title":{"rendered":"Mulher acusada de matar beb\u00ea ao ter parto em casa e esconder crian\u00e7a em caixa de papel\u00e3o \u00e9 presa e liberada ap\u00f3s ordem da Justi\u00e7a"},"content":{"rendered":"\n<h1 class=\"wp-block-heading\"><\/h1>\n\n\n\n<p>A Pol\u00edcia Civil prendeu a gr\u00e1vida acusada de matar o pr\u00f3prio beb\u00ea ao esconder da fam\u00edlia o parto ocorrido no banheiro de casa e deixar a crian\u00e7a enrolada em uma toalha em caixa de papel\u00e3o, dentro da resid\u00eancia. O fato aconteceu na sexta-feira (5), em Campina Grande, e a mulher j\u00e1 foi liberada por determina\u00e7\u00e3o judicial.<\/p>\n\n\n\n<p>A Delegacia de Homic\u00eddios de Campina Grande efetuou a pris\u00e3o dela ap\u00f3s iniciar investiga\u00e7\u00f5es dentro de 24 horas ap\u00f3s o acontecimento.<\/p>\n\n\n\n<p><\/p>\n\n\n\n<p>A delegada Suelane Guimar\u00e3es Souto, da Delegacia de Homic\u00eddios de Campina Grande, explicou que &#8220;a princ\u00edpio, a genitora foi encaminhada pelo Samu \u00e0 maternidade do Isea, onde ficou internada sob cust\u00f3dia policial, tendo alta na manh\u00e3 do s\u00e1bado (6). Logo que teve alta m\u00e9dica, ela foi presa e autuada em flagrante pela Pol\u00edcia Civil, incursa no art.123 do C\u00f3digo Penal, que se refere a infantic\u00eddio.&#8221;<\/p>\n\n\n\n<p>Ainda segundo a delegada, &#8220;a mulher foi submetida \u00e0s per\u00edcias necess\u00e1rias e recolhida \u00e0 carceragem da Central de Pol\u00edcia, mas ainda na tarde do domingo (7) a autuada foi posta em liberdade provis\u00f3ria por determina\u00e7\u00e3o judicial.&#8221;<\/p>\n","protected":false},"excerpt":{"rendered":"<p>A Pol\u00edcia Civil prendeu a gr\u00e1vida acusada de matar o pr\u00f3prio beb\u00ea ao esconder da fam\u00edlia o parto ocorrido no banheiro de casa e deixar&hellip; <\/p>\n","protected":false},"author":2,"featured_media":173356,"comment_status":"closed","ping_status":"closed","sticky":false,"template":"","format":"standard","meta":{"sfsi_plus_gutenberg_text_before_share":"","sfsi_plus_gutenberg_show_text_before_share":"","sfsi_plus_gutenberg_icon_type":"","sfsi_plus_gutenberg_icon_alignemt":"","sfsi_plus_gutenburg_max_per_row":"","footnotes":""},"categories":[12],"tags":[],"class_list":["post-173355","post","type-post","status-publish","format-standard","has-post-thumbnail","hentry","category-policia"],"_links":{"self":[{"href":"https:\/\/www.caririemacao.com\/1\/wp-json\/wp\/v2\/posts\/173355","targetHints":{"allow":["GET"]}}],"collection":[{"href":"https:\/\/www.caririemacao.com\/1\/wp-json\/wp\/v2\/posts"}],"about":[{"href":"https:\/\/www.caririemacao.com\/1\/wp-json\/wp\/v2\/types\/post"}],"author":[{"embeddable":true,"href":"https:\/\/www.caririemacao.com\/1\/wp-json\/wp\/v2\/users\/2"}],"replies":[{"embeddable":true,"href":"https:\/\/www.caririemacao.com\/1\/wp-json\/wp\/v2\/comments?post=173355"}],"version-history":[{"count":1,"href":"https:\/\/www.caririemacao.com\/1\/wp-json\/wp\/v2\/posts\/173355\/revisions"}],"predecessor-version":[{"id":173357,"href":"https:\/\/www.caririemacao.com\/1\/wp-json\/wp\/v2\/posts\/173355\/revisions\/173357"}],"wp:featuredmedia":[{"embeddable":true,"href":"https:\/\/www.caririemacao.com\/1\/wp-json\/wp\/v2\/media\/173356"}],"wp:attachment":[{"href":"https:\/\/www.caririemacao.com\/1\/wp-json\/wp\/v2\/media?parent=173355"}],"wp:term":[{"taxonomy":"category","embeddable":true,"href":"https:\/\/www.caririemacao.com\/1\/wp-json\/wp\/v2\/categories?post=173355"},{"taxonomy":"post_tag","embeddable":true,"href":"https:\/\/www.caririemacao.com\/1\/wp-json\/wp\/v2\/tags?post=173355"}],"curies":[{"name":"wp","href":"https:\/\/api.w.org\/{rel}","templated":true}]}}