{"id":173359,"date":"2020-06-09T06:11:27","date_gmt":"2020-06-09T09:11:27","guid":{"rendered":"https:\/\/www.caririemacao.com\/1\/?p=173359"},"modified":"2020-06-09T06:11:27","modified_gmt":"2020-06-09T09:11:27","slug":"transmissao-de-covid-19-por-pacientes-sem-sintomas-parece-ser-rara-diz-oms","status":"publish","type":"post","link":"https:\/\/www.caririemacao.com\/1\/2020\/06\/09\/transmissao-de-covid-19-por-pacientes-sem-sintomas-parece-ser-rara-diz-oms\/","title":{"rendered":"Transmiss\u00e3o de Covid-19 por pacientes sem sintomas parece ser rara, diz OMS"},"content":{"rendered":"\n<h1 class=\"wp-block-heading\"><\/h1>\n\n\n\n<p>A l\u00edder t\u00e9cnica da Organiza\u00e7\u00e3o Mundial de Sa\u00fade (OMS) Maria van Kerkhove afirmou, nesta segunda-feira (8), que a transmiss\u00e3o da Covid-19 por pacientes sem sintomas da doen\u00e7a parece ser &#8220;rara&#8221;.<\/p>\n\n\n\n<p>&#8220;Temos alguns relatos de pa\u00edses que est\u00e3o fazendo rastreios de contatos muito detalhados, est\u00e3o seguindo casos assintom\u00e1ticos, seguindo contatos e n\u00e3o est\u00e3o encontrando transmiss\u00f5es secund\u00e1rias. \u00c9 muito raro&#8221;, disse van Kerkhove.<br>Ela explicou que os casos assintom\u00e1ticos (de pacientes que n\u00e3o t\u00eam sintomas) de Covid-19 t\u00eam sido identificados ao se fazer o rastreio de contatos de pacientes que apresentam os sinais da doen\u00e7a.<\/p>\n\n\n\n<p>&#8220;Mas, em alguns casos&#8221;, pontuou van Kerkhove, &#8220;quando uma segunda an\u00e1lise desses casos \u00e9 feita, descobre-se que os pacientes tiveram, na verdade, leves sintomas da infec\u00e7\u00e3o&#8221;.<\/p>\n\n\n\n<p>&#8220;Dito isso, n\u00f3s sabemos que pode haver pessoas que s\u00e3o verdadeiramente assintom\u00e1ticas e testam positivo no PCR&#8221;, declarou a l\u00edder t\u00e9cnica.<\/p>\n\n\n\n<p>O teste PCR, que detecta o material do v\u00edrus em uma amostra, \u00e9 considerado o &#8220;padr\u00e3o ouro&#8221; para diagn\u00f3stico da doen\u00e7a.<\/p>\n\n\n\n<figure class=\"wp-block-image\"><img decoding=\"async\" data-src=\"https:\/\/www.clickpb.com.br\/media\/filer_public\/c1\/b9\/c1b94db1-33b1-499e-b5ab-732ffd0b7f3d\/dsc1876.jpg\" alt=\"\" title=\"\" src=\"data:image\/svg+xml;base64,PHN2ZyB3aWR0aD0iMSIgaGVpZ2h0PSIxIiB4bWxucz0iaHR0cDovL3d3dy53My5vcmcvMjAwMC9zdmciPjwvc3ZnPg==\" class=\"lazyload\" \/><figcaption>Maria van Kerkhove, l\u00edder t\u00e9cnica do programa de emerg\u00eancias da OMS \u2014 Foto: Christopher Black\/OMS<\/figcaption><\/figure>\n\n\n\n<p>&#8220;Estamos constantemente olhando para esses dados e tentando obter mais informa\u00e7\u00f5es para de fato responder a essa pergunta, [mas] ainda parece ser raro que um indiv\u00edduo assintom\u00e1tico transmita a doen\u00e7a&#8221;, completou van Kerkhove.<\/p>\n\n\n\n<p>A especialista pediu que os pa\u00edses se concentrassem naqueles que t\u00eam os sinais da infec\u00e7\u00e3o para tentar fazer o controle do v\u00edrus.<\/p>\n\n\n\n<p>&#8220;Se de fato acompanh\u00e1ssemos todos os casos sintom\u00e1ticos, isol\u00e1ssemos esses casos, rastre\u00e1ssemos os contatos e coloc\u00e1ssemos esses contatos em quarentena, haveria uma dr\u00e1stica redu\u00e7\u00e3o na transmiss\u00e3o. Se pud\u00e9ssemos nos focar nisso, ir\u00edamos nos sair muito bem em termos de suprimir a transmiss\u00e3o&#8221;, afirmou.<\/p>\n\n\n\n<p><strong>Controv\u00e9rsia<\/strong><\/p>\n\n\n\n<p>H\u00e1, entretanto, controv\u00e9rsia em torno das afirma\u00e7\u00f5es da OMS. O diretor do Instituto de Sa\u00fade Global da Universidade de Harvard, Ashish K. Jha, argumentou no Twitter que muitos pacientes disseminam o v\u00edrus (fazem o chamado &#8220;derramamento viral&#8221;) antes de aparecerem os sintomas.<\/p>\n\n\n\n<p><strong>Pedido por transpar\u00eancia<\/strong><\/p>\n\n\n\n<p>A OMS tamb\u00e9m destacou, nesta segunda-feira (8), a necessidade de transpar\u00eancia nos dados brasileiros sobre a pandemia.<\/p>\n\n\n\n<p>O diretor de emerg\u00eancias da organiza\u00e7\u00e3o, Michael Ryan, espondeu a uma pergunta feita durante coletiva em Genebra sobre dados divulgados pelo Minist\u00e9rio da Sa\u00fade.<\/p>\n\n\n\n<p>&#8220;\u00c9 muito importante, ao mesmo tempo, que as mensagens sobre transpar\u00eancia e divulga\u00e7\u00e3o de informa\u00e7\u00f5es sejam consistentes, e que n\u00f3s possamos contar com os nossos parceiros no Brasil para fornecer essa informa\u00e7\u00e3o para n\u00f3s, mas, mais importante, aos seus cidad\u00e3os. Eles precisam saber o que est\u00e1 acontecendo&#8221;, destacou Ryan.<\/p>\n\n\n\n<p>No domingo (7), a pasta divulgou dados divergentes sobre o n\u00famero de casos e mortes por Covid-19 registrados nas 24 horas anteriores. Nesta segunda, o minist\u00e9rio detalhou o erro na divulga\u00e7\u00e3o, que incluiu 857 mortes &#8220;a mais&#8221; no balan\u00e7o.<\/p>\n\n\n\n<p>Segundo levantamento feito pelo G1 junto \u00e0s secretarias estaduais de Sa\u00fade, o Brasil tem mais de 36,6 mil mortes pelo novo coronav\u00edrus.<\/p>\n","protected":false},"excerpt":{"rendered":"<p>A l\u00edder t\u00e9cnica da Organiza\u00e7\u00e3o Mundial de Sa\u00fade (OMS) Maria van Kerkhove afirmou, nesta segunda-feira (8), que a transmiss\u00e3o da Covid-19 por pacientes sem sintomas&hellip; <\/p>\n","protected":false},"author":2,"featured_media":173360,"comment_status":"closed","ping_status":"closed","sticky":false,"template":"","format":"standard","meta":{"sfsi_plus_gutenberg_text_before_share":"","sfsi_plus_gutenberg_show_text_before_share":"","sfsi_plus_gutenberg_icon_type":"","sfsi_plus_gutenberg_icon_alignemt":"","sfsi_plus_gutenburg_max_per_row":"","footnotes":""},"categories":[2],"tags":[],"class_list":["post-173359","post","type-post","status-publish","format-standard","has-post-thumbnail","hentry","category-geral"],"_links":{"self":[{"href":"https:\/\/www.caririemacao.com\/1\/wp-json\/wp\/v2\/posts\/173359","targetHints":{"allow":["GET"]}}],"collection":[{"href":"https:\/\/www.caririemacao.com\/1\/wp-json\/wp\/v2\/posts"}],"about":[{"href":"https:\/\/www.caririemacao.com\/1\/wp-json\/wp\/v2\/types\/post"}],"author":[{"embeddable":true,"href":"https:\/\/www.caririemacao.com\/1\/wp-json\/wp\/v2\/users\/2"}],"replies":[{"embeddable":true,"href":"https:\/\/www.caririemacao.com\/1\/wp-json\/wp\/v2\/comments?post=173359"}],"version-history":[{"count":1,"href":"https:\/\/www.caririemacao.com\/1\/wp-json\/wp\/v2\/posts\/173359\/revisions"}],"predecessor-version":[{"id":173361,"href":"https:\/\/www.caririemacao.com\/1\/wp-json\/wp\/v2\/posts\/173359\/revisions\/173361"}],"wp:featuredmedia":[{"embeddable":true,"href":"https:\/\/www.caririemacao.com\/1\/wp-json\/wp\/v2\/media\/173360"}],"wp:attachment":[{"href":"https:\/\/www.caririemacao.com\/1\/wp-json\/wp\/v2\/media?parent=173359"}],"wp:term":[{"taxonomy":"category","embeddable":true,"href":"https:\/\/www.caririemacao.com\/1\/wp-json\/wp\/v2\/categories?post=173359"},{"taxonomy":"post_tag","embeddable":true,"href":"https:\/\/www.caririemacao.com\/1\/wp-json\/wp\/v2\/tags?post=173359"}],"curies":[{"name":"wp","href":"https:\/\/api.w.org\/{rel}","templated":true}]}}