{"id":173363,"date":"2020-06-09T06:14:15","date_gmt":"2020-06-09T09:14:15","guid":{"rendered":"https:\/\/www.caririemacao.com\/1\/?p=173363"},"modified":"2020-06-09T06:14:15","modified_gmt":"2020-06-09T09:14:15","slug":"ccj-da-alpb-aprova-projeto-de-lei-que-cria-auxilio-emergencial-para-artistas","status":"publish","type":"post","link":"https:\/\/www.caririemacao.com\/1\/2020\/06\/09\/ccj-da-alpb-aprova-projeto-de-lei-que-cria-auxilio-emergencial-para-artistas\/","title":{"rendered":"CCJ da ALPB aprova Projeto de Lei que cria aux\u00edlio emergencial para artistas"},"content":{"rendered":"\n<h1 class=\"wp-block-heading\"><\/h1>\n\n\n\n<p>Depois de dois pedidos de vista, a Comiss\u00e3o de Constitui\u00e7\u00e3o e Justi\u00e7a (CCJ) da ALPB, que se reuniu nesta segunda-feira (08), aprovou, por unanimidade, o Projeto de Lei (1756\/2020), que institui a cria\u00e7\u00e3o de um Aux\u00edlio Emergencial para os trabalhadores do setor cultural e para os espa\u00e7os culturais no Estado da Para\u00edba, durante o per\u00edodo de calamidade p\u00fablica decorrente do Covid-19. O PL&nbsp;de autoria do deputado Jeov\u00e1 Campos segue agora para aprecia\u00e7\u00e3o em plen\u00e1rio.&nbsp;&nbsp;<\/p>\n\n\n\n<p>O PL beneficia o trabalhador do setor cultural com um recebimento do Aux\u00edlio Emergencial no valor equivalente a um sal\u00e1rio m\u00ednimo nacional, ou seja, R$ 1.045,00 ou da complementa\u00e7\u00e3o at\u00e9 este valor, caso o benefici\u00e1rio receba aux\u00edlio de renda b\u00e1sica no \u00e2mbito do Governo Federal. J\u00e1 os estabelecimentos receberiam um subs\u00eddio mensal no valor de R$ 3.500 para a manuten\u00e7\u00e3o desses Espa\u00e7os Culturais.<\/p>\n\n\n\n<p>\u201cQuem vive da Arte e Cultura n\u00e3o s\u00f3 na Para\u00edba vem enfrentando de forma muito cruel essa pandemia e o pior, sem nenhuma expectativa de voltar as suas atividades, j\u00e1 que \u00e9 um setor que n\u00e3o tem chance de voltar \u00e0 normalidade antes do fim desta pandemia\u201d, disse Jeov\u00e1.<\/p>\n","protected":false},"excerpt":{"rendered":"<p>Depois de dois pedidos de vista, a Comiss\u00e3o de Constitui\u00e7\u00e3o e Justi\u00e7a (CCJ) da ALPB, que se reuniu nesta segunda-feira (08), aprovou, por unanimidade, o&hellip; <\/p>\n","protected":false},"author":2,"featured_media":173364,"comment_status":"closed","ping_status":"closed","sticky":false,"template":"","format":"standard","meta":{"sfsi_plus_gutenberg_text_before_share":"","sfsi_plus_gutenberg_show_text_before_share":"","sfsi_plus_gutenberg_icon_type":"","sfsi_plus_gutenberg_icon_alignemt":"","sfsi_plus_gutenburg_max_per_row":"","footnotes":""},"categories":[2],"tags":[],"class_list":["post-173363","post","type-post","status-publish","format-standard","has-post-thumbnail","hentry","category-geral"],"_links":{"self":[{"href":"https:\/\/www.caririemacao.com\/1\/wp-json\/wp\/v2\/posts\/173363","targetHints":{"allow":["GET"]}}],"collection":[{"href":"https:\/\/www.caririemacao.com\/1\/wp-json\/wp\/v2\/posts"}],"about":[{"href":"https:\/\/www.caririemacao.com\/1\/wp-json\/wp\/v2\/types\/post"}],"author":[{"embeddable":true,"href":"https:\/\/www.caririemacao.com\/1\/wp-json\/wp\/v2\/users\/2"}],"replies":[{"embeddable":true,"href":"https:\/\/www.caririemacao.com\/1\/wp-json\/wp\/v2\/comments?post=173363"}],"version-history":[{"count":1,"href":"https:\/\/www.caririemacao.com\/1\/wp-json\/wp\/v2\/posts\/173363\/revisions"}],"predecessor-version":[{"id":173365,"href":"https:\/\/www.caririemacao.com\/1\/wp-json\/wp\/v2\/posts\/173363\/revisions\/173365"}],"wp:featuredmedia":[{"embeddable":true,"href":"https:\/\/www.caririemacao.com\/1\/wp-json\/wp\/v2\/media\/173364"}],"wp:attachment":[{"href":"https:\/\/www.caririemacao.com\/1\/wp-json\/wp\/v2\/media?parent=173363"}],"wp:term":[{"taxonomy":"category","embeddable":true,"href":"https:\/\/www.caririemacao.com\/1\/wp-json\/wp\/v2\/categories?post=173363"},{"taxonomy":"post_tag","embeddable":true,"href":"https:\/\/www.caririemacao.com\/1\/wp-json\/wp\/v2\/tags?post=173363"}],"curies":[{"name":"wp","href":"https:\/\/api.w.org\/{rel}","templated":true}]}}