{"id":173367,"date":"2020-06-09T06:16:59","date_gmt":"2020-06-09T09:16:59","guid":{"rendered":"https:\/\/www.caririemacao.com\/1\/?p=173367"},"modified":"2020-06-09T06:16:59","modified_gmt":"2020-06-09T09:16:59","slug":"deputado-osmar-terra-contesta-lockdown-e-medidas-de-isolamento-social-e-dispara-quarentena-nao-serve-para-nada","status":"publish","type":"post","link":"https:\/\/www.caririemacao.com\/1\/2020\/06\/09\/deputado-osmar-terra-contesta-lockdown-e-medidas-de-isolamento-social-e-dispara-quarentena-nao-serve-para-nada\/","title":{"rendered":"Deputado Osmar Terra contesta lockdown e medidas de isolamento social e dispara: &#8220;quarentena n\u00e3o serve para nada&#8221;"},"content":{"rendered":"\n<h1 class=\"wp-block-heading\"><\/h1>\n\n\n\n<p>O deputado federal bolsonarista e&nbsp;ex-ministro da Cidadania Osmar Terra&nbsp;(MDB-RS) em entrevista ao Programa Arapuan Verdade nesta segunda-feira (8) contestou o&nbsp;lockdown e as medidas de isolamento social que foram adotadas em diversos estados no pa\u00eds. Segundo ele, essa pol\u00edtica de combate n\u00e3o resolve o problema da pandemia,&nbsp;&#8220;quarentena n\u00e3o serve para nada. Estamos sendo cobaia de uma experi\u00eancia que n\u00e3o tem comprova\u00e7\u00e3o nenhuma. \u00c9 um absurdo submeter a popula\u00e7\u00e3o a isso&#8221;, criticando as a\u00e7\u00f5es que implicaram no fechamento de com\u00e9rcios e outras medidas aplicadas na maioria dos munic\u00edpios.&nbsp;<\/p>\n\n\n\n<p>&#8220;Vivi tr\u00eas pandemias no Rio Grande do Sul e eu posso dizer que essa quarentena n\u00e3o serve para nada. Tem um protocolo cient\u00edfico que v\u00e1rios pa\u00edses seguem e que d\u00e1 efeito. A China teve quatro&nbsp;mil mortes, mas eles conseguiram bloquear uma prov\u00edncia e conseguiram manter toda a economia,&nbsp;controlando&nbsp;e mostraram que o v\u00edrus n\u00e3o era uma coisa de sete cabe\u00e7as. Quando me perguntaram se iam ter muitos mortos eu falei vai ser algo pr\u00f3ximo ao H1N1.&nbsp;Esse lockdown os governantes ficaram com medo, se assustaram e passaram a adotar. Teve um efeito manada. Ent\u00e3o nessa discuss\u00e3o entra os profetas do apocalipse que pregaram a morte de mais de 1 milh\u00e3o de pessoas. A televis\u00e3o apovorando todo mundo. Essas epidemias tem um ciclo, que duram 13 semanas e isso ningu\u00e9m diz&#8221;, explicou.<\/p>\n\n\n\n<p>Para Osmar Terra o que surte efeito \u00e9 centralizar o tratamento nos grupos de riscos. &#8220;O que tem efeito \u00e9 proteger o grupo de risco, o Jap\u00e3o est\u00e1 mostrando isso. Sem fechar nada. Comparem os pa\u00edses que fecharam tudo e os que n\u00e3o fecharam os resultados s\u00e3o&nbsp;muito melhores naqueles que souberam agir com os grupos de risco&#8221;, esclareceu.<\/p>\n","protected":false},"excerpt":{"rendered":"<p>O deputado federal bolsonarista e&nbsp;ex-ministro da Cidadania Osmar Terra&nbsp;(MDB-RS) em entrevista ao Programa Arapuan Verdade nesta segunda-feira (8) contestou o&nbsp;lockdown e as medidas de isolamento&hellip; <\/p>\n","protected":false},"author":2,"featured_media":173368,"comment_status":"closed","ping_status":"closed","sticky":false,"template":"","format":"standard","meta":{"sfsi_plus_gutenberg_text_before_share":"","sfsi_plus_gutenberg_show_text_before_share":"","sfsi_plus_gutenberg_icon_type":"","sfsi_plus_gutenberg_icon_alignemt":"","sfsi_plus_gutenburg_max_per_row":"","footnotes":""},"categories":[2],"tags":[],"class_list":["post-173367","post","type-post","status-publish","format-standard","has-post-thumbnail","hentry","category-geral"],"_links":{"self":[{"href":"https:\/\/www.caririemacao.com\/1\/wp-json\/wp\/v2\/posts\/173367","targetHints":{"allow":["GET"]}}],"collection":[{"href":"https:\/\/www.caririemacao.com\/1\/wp-json\/wp\/v2\/posts"}],"about":[{"href":"https:\/\/www.caririemacao.com\/1\/wp-json\/wp\/v2\/types\/post"}],"author":[{"embeddable":true,"href":"https:\/\/www.caririemacao.com\/1\/wp-json\/wp\/v2\/users\/2"}],"replies":[{"embeddable":true,"href":"https:\/\/www.caririemacao.com\/1\/wp-json\/wp\/v2\/comments?post=173367"}],"version-history":[{"count":1,"href":"https:\/\/www.caririemacao.com\/1\/wp-json\/wp\/v2\/posts\/173367\/revisions"}],"predecessor-version":[{"id":173369,"href":"https:\/\/www.caririemacao.com\/1\/wp-json\/wp\/v2\/posts\/173367\/revisions\/173369"}],"wp:featuredmedia":[{"embeddable":true,"href":"https:\/\/www.caririemacao.com\/1\/wp-json\/wp\/v2\/media\/173368"}],"wp:attachment":[{"href":"https:\/\/www.caririemacao.com\/1\/wp-json\/wp\/v2\/media?parent=173367"}],"wp:term":[{"taxonomy":"category","embeddable":true,"href":"https:\/\/www.caririemacao.com\/1\/wp-json\/wp\/v2\/categories?post=173367"},{"taxonomy":"post_tag","embeddable":true,"href":"https:\/\/www.caririemacao.com\/1\/wp-json\/wp\/v2\/tags?post=173367"}],"curies":[{"name":"wp","href":"https:\/\/api.w.org\/{rel}","templated":true}]}}