{"id":173378,"date":"2020-06-09T06:28:57","date_gmt":"2020-06-09T09:28:57","guid":{"rendered":"https:\/\/www.caririemacao.com\/1\/?p=173378"},"modified":"2020-06-09T06:28:57","modified_gmt":"2020-06-09T09:28:57","slug":"presidente-do-tse-mudanca-nas-eleicoes-deve-ser-definida-ainda-em-junho","status":"publish","type":"post","link":"https:\/\/www.caririemacao.com\/1\/2020\/06\/09\/presidente-do-tse-mudanca-nas-eleicoes-deve-ser-definida-ainda-em-junho\/","title":{"rendered":"Presidente do TSE: mudan\u00e7a nas elei\u00e7\u00f5es deve ser definida ainda em junho"},"content":{"rendered":"\n<h1 class=\"wp-block-heading\"><\/h1>\n\n\n\n<p>O ministro Lu\u00eds Roberto Barroso, presidente do Tribunal Superior Eleitoral (TSE) e tamb\u00e9m um dos onze ministros Supremo Tribunal Federal (STF), avaliou que a possibilidade de mudan\u00e7a na data para realiza\u00e7\u00e3o das elei\u00e7\u00f5es \u00e9 real. Segundo ele, em entrevista \u00e0 Ag\u00eancia Brasil, essa decis\u00e3o dever\u00e1 ser tomada ainda em junho.<\/p>\n\n\n\n<p>\u201cA possibilidade de adiamento das elei\u00e7\u00f5es \u00e9 real. Eu penso que ao longo do m\u00eas de junho a Justi\u00e7a Eleitoral e o Congresso Nacional, numa interlocu\u00e7\u00e3o construtiva, dever\u00e3o bater o martelo acerca de novas datas se sepultarmos que isso seja indispens\u00e1vel, embora seja prop\u00f3sito dos ministros do TSE e dos presidentes da C\u00e2mara e do Senado n\u00e3o remarcar para nenhuma data al\u00e9m deste ano\u201d, disse Barroso.<\/p>\n","protected":false},"excerpt":{"rendered":"<p>O ministro Lu\u00eds Roberto Barroso, presidente do Tribunal Superior Eleitoral (TSE) e tamb\u00e9m um dos onze ministros Supremo Tribunal Federal (STF), avaliou que a possibilidade&hellip; <\/p>\n","protected":false},"author":2,"featured_media":173379,"comment_status":"closed","ping_status":"closed","sticky":false,"template":"","format":"standard","meta":{"sfsi_plus_gutenberg_text_before_share":"","sfsi_plus_gutenberg_show_text_before_share":"","sfsi_plus_gutenberg_icon_type":"","sfsi_plus_gutenberg_icon_alignemt":"","sfsi_plus_gutenburg_max_per_row":"","footnotes":""},"categories":[2],"tags":[],"class_list":["post-173378","post","type-post","status-publish","format-standard","has-post-thumbnail","hentry","category-geral"],"_links":{"self":[{"href":"https:\/\/www.caririemacao.com\/1\/wp-json\/wp\/v2\/posts\/173378","targetHints":{"allow":["GET"]}}],"collection":[{"href":"https:\/\/www.caririemacao.com\/1\/wp-json\/wp\/v2\/posts"}],"about":[{"href":"https:\/\/www.caririemacao.com\/1\/wp-json\/wp\/v2\/types\/post"}],"author":[{"embeddable":true,"href":"https:\/\/www.caririemacao.com\/1\/wp-json\/wp\/v2\/users\/2"}],"replies":[{"embeddable":true,"href":"https:\/\/www.caririemacao.com\/1\/wp-json\/wp\/v2\/comments?post=173378"}],"version-history":[{"count":1,"href":"https:\/\/www.caririemacao.com\/1\/wp-json\/wp\/v2\/posts\/173378\/revisions"}],"predecessor-version":[{"id":173380,"href":"https:\/\/www.caririemacao.com\/1\/wp-json\/wp\/v2\/posts\/173378\/revisions\/173380"}],"wp:featuredmedia":[{"embeddable":true,"href":"https:\/\/www.caririemacao.com\/1\/wp-json\/wp\/v2\/media\/173379"}],"wp:attachment":[{"href":"https:\/\/www.caririemacao.com\/1\/wp-json\/wp\/v2\/media?parent=173378"}],"wp:term":[{"taxonomy":"category","embeddable":true,"href":"https:\/\/www.caririemacao.com\/1\/wp-json\/wp\/v2\/categories?post=173378"},{"taxonomy":"post_tag","embeddable":true,"href":"https:\/\/www.caririemacao.com\/1\/wp-json\/wp\/v2\/tags?post=173378"}],"curies":[{"name":"wp","href":"https:\/\/api.w.org\/{rel}","templated":true}]}}