{"id":173381,"date":"2020-06-09T06:36:34","date_gmt":"2020-06-09T09:36:34","guid":{"rendered":"https:\/\/www.caririemacao.com\/1\/?p=173381"},"modified":"2020-06-09T06:36:34","modified_gmt":"2020-06-09T09:36:34","slug":"colisao-entre-motocicletas-deixa-duas-pessoas-feridas-na-regiao-do-cariri","status":"publish","type":"post","link":"https:\/\/www.caririemacao.com\/1\/2020\/06\/09\/colisao-entre-motocicletas-deixa-duas-pessoas-feridas-na-regiao-do-cariri\/","title":{"rendered":"Colis\u00e3o entre motocicletas deixa duas pessoas feridas na regi\u00e3o do Cariri"},"content":{"rendered":"\n<h1 class=\"wp-block-heading\"><\/h1>\n\n\n\n<p>Uma colis\u00e3o entre motocicletas deixou duas pessoas feridas no \u00faltimo s\u00e1bado (06) na BR-110, em trecho que liga o munic\u00edpio de Monteiro \u00e0 Sert\u00e2nia, no Pernambuco.<\/p>\n\n\n\n<p>Segundo informa\u00e7\u00f5es, a Pol\u00edcia Militar foi solicitada por uma senhora informando que na rodovia havia ocorrido um acidente de tr\u00e2nsito. Ao chegar no local, a guarni\u00e7\u00e3o constatou que dois homens, um com 55 e outro com 46 anos de idade se envolveram em um acidente na altura do km 186.<\/p>\n\n\n\n<p>De acordo com relatos, um dos condutores fez a conven\u00e7\u00e3o para a esquerda e n\u00e3o acionou o pisca alerta, como as motocicletas vinham pr\u00f3ximas, acabaram colidindo. Uma equipe do Samu foi acionada e prestou os primeiros atendimentos as v\u00edtimas, que logo em seguida foram encaminhadas para o Hospital Santa Filomena, em Monteiro.<\/p>\n\n\n\n<p><strong>De Olho no Cariri<\/strong><\/p>\n","protected":false},"excerpt":{"rendered":"<p>Uma colis\u00e3o entre motocicletas deixou duas pessoas feridas no \u00faltimo s\u00e1bado (06) na BR-110, em trecho que liga o munic\u00edpio de Monteiro \u00e0 Sert\u00e2nia, no&hellip; <\/p>\n","protected":false},"author":2,"featured_media":173382,"comment_status":"closed","ping_status":"closed","sticky":false,"template":"","format":"standard","meta":{"sfsi_plus_gutenberg_text_before_share":"","sfsi_plus_gutenberg_show_text_before_share":"","sfsi_plus_gutenberg_icon_type":"","sfsi_plus_gutenberg_icon_alignemt":"","sfsi_plus_gutenburg_max_per_row":"","footnotes":""},"categories":[2],"tags":[],"class_list":["post-173381","post","type-post","status-publish","format-standard","has-post-thumbnail","hentry","category-geral"],"_links":{"self":[{"href":"https:\/\/www.caririemacao.com\/1\/wp-json\/wp\/v2\/posts\/173381","targetHints":{"allow":["GET"]}}],"collection":[{"href":"https:\/\/www.caririemacao.com\/1\/wp-json\/wp\/v2\/posts"}],"about":[{"href":"https:\/\/www.caririemacao.com\/1\/wp-json\/wp\/v2\/types\/post"}],"author":[{"embeddable":true,"href":"https:\/\/www.caririemacao.com\/1\/wp-json\/wp\/v2\/users\/2"}],"replies":[{"embeddable":true,"href":"https:\/\/www.caririemacao.com\/1\/wp-json\/wp\/v2\/comments?post=173381"}],"version-history":[{"count":1,"href":"https:\/\/www.caririemacao.com\/1\/wp-json\/wp\/v2\/posts\/173381\/revisions"}],"predecessor-version":[{"id":173383,"href":"https:\/\/www.caririemacao.com\/1\/wp-json\/wp\/v2\/posts\/173381\/revisions\/173383"}],"wp:featuredmedia":[{"embeddable":true,"href":"https:\/\/www.caririemacao.com\/1\/wp-json\/wp\/v2\/media\/173382"}],"wp:attachment":[{"href":"https:\/\/www.caririemacao.com\/1\/wp-json\/wp\/v2\/media?parent=173381"}],"wp:term":[{"taxonomy":"category","embeddable":true,"href":"https:\/\/www.caririemacao.com\/1\/wp-json\/wp\/v2\/categories?post=173381"},{"taxonomy":"post_tag","embeddable":true,"href":"https:\/\/www.caririemacao.com\/1\/wp-json\/wp\/v2\/tags?post=173381"}],"curies":[{"name":"wp","href":"https:\/\/api.w.org\/{rel}","templated":true}]}}