{"id":173385,"date":"2020-06-09T06:38:57","date_gmt":"2020-06-09T09:38:57","guid":{"rendered":"https:\/\/www.caririemacao.com\/1\/?p=173385"},"modified":"2020-06-09T06:38:57","modified_gmt":"2020-06-09T09:38:57","slug":"joao-azevedo-denuncia-candidatos-a-prefeito-estimulando-a-populacao-a-ir-as-ruas-muito-proselitismo","status":"publish","type":"post","link":"https:\/\/www.caririemacao.com\/1\/2020\/06\/09\/joao-azevedo-denuncia-candidatos-a-prefeito-estimulando-a-populacao-a-ir-as-ruas-muito-proselitismo\/","title":{"rendered":"Jo\u00e3o Azev\u00eado denuncia \u2018candidatos a prefeito\u2019 estimulando a popula\u00e7\u00e3o a ir \u00e0s ruas: \u201cMuito proselitismo\u201d"},"content":{"rendered":"\n<h1 class=\"wp-block-heading\"><\/h1>\n\n\n\n<p>O&nbsp;governador Jo\u00e3o Azev\u00eado (Cidadania)&nbsp;se mostrou preocupado com a queda dos \u00edndices de isolamento social em todo o pa\u00eds e na Para\u00edba enquanto o Brasil ainda convive com o aumento di\u00e1rio de casos e mortes pelo novo Coronav\u00edrus. A declara\u00e7\u00e3o foi concedida na tarde de hoje, durante o programa \u2018Fala, Governador\u2019.<\/p>\n\n\n\n<p>Ontem, o \u00edndice de Isolamento Social foi de apenas 41,3%, mesmo com as medidas de isolamento r\u00edgido na regi\u00e3o metropolitana de Jo\u00e3o Pessoa. O pior \u00edndice foi visto no s\u00e1bado, com apenas 35,7% de isolamento na Para\u00edba.<\/p>\n\n\n\n<p>Azev\u00eado reclamou de \u2018proselitismo\u2019 de pessoas que estaria incentivando a popula\u00e7\u00e3o a deixar suas casas e romper o isolamento.<\/p>\n\n\n\n<p>\u201cMuita gente fazendo proselitismo. Alguns candidatos a prefeito dizendo que tem que colocar todo mundo na rua. Gostaria de saber que, se isso acontecesse e tiv\u00e9ssemos n\u00famero de \u00f3bitos cada vez maior, se essas pessoas que est\u00e3o estimulando se responsabilizariam por isso. Temos um plano de retomada gradual sendo discutido com toda a sociedade, todo os segmento da sociedade, hoje tivemos reuni\u00f5es com todo o sistema de trabalhadores da Para\u00edba para que a gente possa esclarecer como ser\u00e1 feita a retomada\u201d, disse Jo\u00e3o.<\/p>\n\n\n\n<p>Jo\u00e3o comentou a publiciza\u00e7\u00e3o dos n\u00fameros da Covid-19 na Para\u00edba. Enquanto o Governo Federal \u00e9 criticado por dificultar a divulga\u00e7\u00e3o, o governador disse que a Para\u00edba continuar\u00e1 a publica\u00e7\u00e3o di\u00e1ria no mesmo hor\u00e1rio.<\/p>\n\n\n\n<p>\u201cA Para\u00edba vai continuar publicizando todo fim de tarde como vinha fazendo, \u00e9 fundamental que a informa\u00e7\u00e3o chegue a toda pessoa para que possa gerar credibilidade, acreditar no trabalho feito\u201d, declarou.<\/p>\n","protected":false},"excerpt":{"rendered":"<p>O&nbsp;governador Jo\u00e3o Azev\u00eado (Cidadania)&nbsp;se mostrou preocupado com a queda dos \u00edndices de isolamento social em todo o pa\u00eds e na Para\u00edba enquanto o Brasil ainda&hellip; <\/p>\n","protected":false},"author":2,"featured_media":173386,"comment_status":"closed","ping_status":"closed","sticky":false,"template":"","format":"standard","meta":{"sfsi_plus_gutenberg_text_before_share":"","sfsi_plus_gutenberg_show_text_before_share":"","sfsi_plus_gutenberg_icon_type":"","sfsi_plus_gutenberg_icon_alignemt":"","sfsi_plus_gutenburg_max_per_row":"","footnotes":""},"categories":[2],"tags":[],"class_list":["post-173385","post","type-post","status-publish","format-standard","has-post-thumbnail","hentry","category-geral"],"_links":{"self":[{"href":"https:\/\/www.caririemacao.com\/1\/wp-json\/wp\/v2\/posts\/173385","targetHints":{"allow":["GET"]}}],"collection":[{"href":"https:\/\/www.caririemacao.com\/1\/wp-json\/wp\/v2\/posts"}],"about":[{"href":"https:\/\/www.caririemacao.com\/1\/wp-json\/wp\/v2\/types\/post"}],"author":[{"embeddable":true,"href":"https:\/\/www.caririemacao.com\/1\/wp-json\/wp\/v2\/users\/2"}],"replies":[{"embeddable":true,"href":"https:\/\/www.caririemacao.com\/1\/wp-json\/wp\/v2\/comments?post=173385"}],"version-history":[{"count":1,"href":"https:\/\/www.caririemacao.com\/1\/wp-json\/wp\/v2\/posts\/173385\/revisions"}],"predecessor-version":[{"id":173387,"href":"https:\/\/www.caririemacao.com\/1\/wp-json\/wp\/v2\/posts\/173385\/revisions\/173387"}],"wp:featuredmedia":[{"embeddable":true,"href":"https:\/\/www.caririemacao.com\/1\/wp-json\/wp\/v2\/media\/173386"}],"wp:attachment":[{"href":"https:\/\/www.caririemacao.com\/1\/wp-json\/wp\/v2\/media?parent=173385"}],"wp:term":[{"taxonomy":"category","embeddable":true,"href":"https:\/\/www.caririemacao.com\/1\/wp-json\/wp\/v2\/categories?post=173385"},{"taxonomy":"post_tag","embeddable":true,"href":"https:\/\/www.caririemacao.com\/1\/wp-json\/wp\/v2\/tags?post=173385"}],"curies":[{"name":"wp","href":"https:\/\/api.w.org\/{rel}","templated":true}]}}