{"id":173392,"date":"2020-06-09T06:44:37","date_gmt":"2020-06-09T09:44:37","guid":{"rendered":"https:\/\/www.caririemacao.com\/1\/?p=173392"},"modified":"2020-06-09T06:44:37","modified_gmt":"2020-06-09T09:44:37","slug":"novos-caminhos-prefeitura-recupera-mais-11-estradas-na-zona-rural-de-monteiro","status":"publish","type":"post","link":"https:\/\/www.caririemacao.com\/1\/2020\/06\/09\/novos-caminhos-prefeitura-recupera-mais-11-estradas-na-zona-rural-de-monteiro\/","title":{"rendered":"NOVOS CAMINHOS\u201d: Prefeitura recupera mais 11 estradas na zona rural de Monteiro"},"content":{"rendered":"\n<h1 class=\"wp-block-heading\"><\/h1>\n\n\n\n<hr class=\"wp-block-separator\"\/>\n\n\n\n<p><a href=\"https:\/\/www.facebook.com\/sharer.php?u=https%3A%2F%2Fwww.vitrinedocariri.com.br%2F2020%2F06%2Fnovos-caminhos-prefeitura-recupera-mais-11-estradas-na-zona-rural-de-monteiro%2F\" target=\"_blank\" rel=\"noreferrer noopener\"><\/a><a href=\"https:\/\/twitter.com\/share?url=https%3A%2F%2Fwww.vitrinedocariri.com.br%2F2020%2F06%2Fnovos-caminhos-prefeitura-recupera-mais-11-estradas-na-zona-rural-de-monteiro%2F&amp;text=Acabei%20de%20ver%20%E2%80%9CNOVOS%20CAMINHOS%E2%80%9D%3A%20Prefeitura%20recupera%20mais%2011%20estradas%20na%20zona%20rural%20de%20Monteiro%20-%20Clique%20para%20ver%20tamb%C3%A9m%20%E2%98%9B%20\" target=\"_blank\" rel=\"noreferrer noopener\"><\/a><a href=\"\/\/send?text=%E2%80%9CNOVOS%20CAMINHOS%E2%80%9D%3A%20Prefeitura%20recupera%20mais%2011%20estradas%20na%20zona%20rural%20de%20Monteiro%20%E2%98%9B%20https%3A%2F%2Fwww.vitrinedocariri.com.br%2F2020%2F06%2Fnovos-caminhos-prefeitura-recupera-mais-11-estradas-na-zona-rural-de-monteiro%2F\" target=\"_blank\" rel=\"noreferrer noopener\"><\/a><a href=\"javascript:void(0);\"><\/a><\/p>\n\n\n\n<div class=\"wp-block-image\"><figure class=\"alignleft\"><img decoding=\"async\" data-src=\"https:\/\/i1.wp.com\/www.vitrinedocariri.com.br\/wp-content\/uploads\/2020\/06\/%E2%80%9CNOVOS-CAMINHOS%E2%80%9D-Prefeitura-recupera-mais-11-estradas-na-zona-rural-de-Monteiro-5.jpeg?resize=225%2C300&amp;ssl=1\" alt=\"\" class=\"wp-image-72404 lazyload\" src=\"data:image\/svg+xml;base64,PHN2ZyB3aWR0aD0iMSIgaGVpZ2h0PSIxIiB4bWxucz0iaHR0cDovL3d3dy53My5vcmcvMjAwMC9zdmciPjwvc3ZnPg==\" \/><\/figure><\/div>\n\n\n\n<p>Na \u00faltima sexta-feira (05), as equipes de trabalho conclu\u00edram os trabalhos de recupera\u00e7\u00e3o vi\u00e1rias das estradas das comunidades dos S\u00edtios Mulungu, Fartura, Ara\u00e7\u00e1, Morcego, Serra do Morcego, Extrema, Bredos, Riacho Verde, Tamandu\u00e1, Baixa do Boi e Assentamento dos Dez.<\/p>\n\n\n\n<p>Al\u00e9m dos servi\u00e7os de recupera\u00e7\u00e3o das estradas, a equipe respons\u00e1vel pela manuten\u00e7\u00e3o de cata-ventos e eletrobombas, realizou servi\u00e7os de recupera\u00e7\u00e3o nos po\u00e7os das comunidades dos S\u00edtios Tim\u00f3teo, Curupaiti, Pau D\u2019arco e Riacho do Meio, onde foram feitas as manuten\u00e7\u00f5es necess\u00e1rias nos adaptadores, registros, cabe\u00e7as, sola, anilhas, varetas de guia, cilindros, niples, joelhos, redu\u00e7\u00f5es e cord\u00f5es de graxeta.<\/p>\n","protected":false},"excerpt":{"rendered":"<p>Na \u00faltima sexta-feira (05), as equipes de trabalho conclu\u00edram os trabalhos de recupera\u00e7\u00e3o vi\u00e1rias das estradas das comunidades dos S\u00edtios Mulungu, Fartura, Ara\u00e7\u00e1, Morcego, Serra&hellip; <\/p>\n","protected":false},"author":2,"featured_media":173393,"comment_status":"closed","ping_status":"closed","sticky":false,"template":"","format":"standard","meta":{"sfsi_plus_gutenberg_text_before_share":"","sfsi_plus_gutenberg_show_text_before_share":"","sfsi_plus_gutenberg_icon_type":"","sfsi_plus_gutenberg_icon_alignemt":"","sfsi_plus_gutenburg_max_per_row":"","footnotes":""},"categories":[2],"tags":[],"class_list":["post-173392","post","type-post","status-publish","format-standard","has-post-thumbnail","hentry","category-geral"],"_links":{"self":[{"href":"https:\/\/www.caririemacao.com\/1\/wp-json\/wp\/v2\/posts\/173392","targetHints":{"allow":["GET"]}}],"collection":[{"href":"https:\/\/www.caririemacao.com\/1\/wp-json\/wp\/v2\/posts"}],"about":[{"href":"https:\/\/www.caririemacao.com\/1\/wp-json\/wp\/v2\/types\/post"}],"author":[{"embeddable":true,"href":"https:\/\/www.caririemacao.com\/1\/wp-json\/wp\/v2\/users\/2"}],"replies":[{"embeddable":true,"href":"https:\/\/www.caririemacao.com\/1\/wp-json\/wp\/v2\/comments?post=173392"}],"version-history":[{"count":1,"href":"https:\/\/www.caririemacao.com\/1\/wp-json\/wp\/v2\/posts\/173392\/revisions"}],"predecessor-version":[{"id":173394,"href":"https:\/\/www.caririemacao.com\/1\/wp-json\/wp\/v2\/posts\/173392\/revisions\/173394"}],"wp:featuredmedia":[{"embeddable":true,"href":"https:\/\/www.caririemacao.com\/1\/wp-json\/wp\/v2\/media\/173393"}],"wp:attachment":[{"href":"https:\/\/www.caririemacao.com\/1\/wp-json\/wp\/v2\/media?parent=173392"}],"wp:term":[{"taxonomy":"category","embeddable":true,"href":"https:\/\/www.caririemacao.com\/1\/wp-json\/wp\/v2\/categories?post=173392"},{"taxonomy":"post_tag","embeddable":true,"href":"https:\/\/www.caririemacao.com\/1\/wp-json\/wp\/v2\/tags?post=173392"}],"curies":[{"name":"wp","href":"https:\/\/api.w.org\/{rel}","templated":true}]}}