{"id":173402,"date":"2020-06-09T06:56:37","date_gmt":"2020-06-09T09:56:37","guid":{"rendered":"https:\/\/www.caririemacao.com\/1\/?p=173402"},"modified":"2020-06-09T06:56:37","modified_gmt":"2020-06-09T09:56:37","slug":"central-de-transplantes-da-paraiba-retoma-cirurgias-de-figado-e-rins","status":"publish","type":"post","link":"https:\/\/www.caririemacao.com\/1\/2020\/06\/09\/central-de-transplantes-da-paraiba-retoma-cirurgias-de-figado-e-rins\/","title":{"rendered":"Central de Transplantes da Para\u00edba retoma cir\u00fargias de f\u00edgado e rins"},"content":{"rendered":"\n<h1 class=\"wp-block-heading\"><\/h1>\n\n\n\n<p>A Central de Transplantes da Para\u00edba retomou suas atividades, nesta segunda-feira (8), com os transplantes de f\u00edgado e rim e a busca ativa dos potenciais doadores. Por conta da pandemia do coronav\u00edrus, durante 100 dias, o trabalho da Central se resumiu a atualiza\u00e7\u00e3o dos cadastros e entrar em contato com as equipes transplantadoras para se manter informada sobre o estado cl\u00ednico de cada paciente a espera de um \u00f3rg\u00e3o.&nbsp;<\/p>\n\n\n\n<p>\u201cDiante da pandemia que ainda estamos enfrentando, foram feitas v\u00e1rias conversas e ficou acertado que vamos nos reformular e, para isso, elaboramos diversas estrat\u00e9gias\u201d, explicou a chefe do N\u00facleo de A\u00e7\u00f5es Estrat\u00e9gicas da Central de Transplante da Para\u00edba, Rafaela Carvalho.&nbsp;<\/p>\n\n\n\n<p>De acordo com ela, no potencial doador, que fechou o protocolo de morte encef\u00e1lica, \u00e9 colhido o swab nasal e feito o teste r\u00e1pido. O procedimento s\u00f3 continua nos casos em que o resultado for negativo para a Covid-19.&nbsp;<\/p>\n\n\n\n<p>Outra mudan\u00e7a \u00e9 em rela\u00e7\u00e3o \u00e0 entrevista familiar, que ser\u00e1 por chamada de v\u00eddeo. Caso a fam\u00edlia prefira pessoalmente, ser\u00e3o obedecidos os crit\u00e9rios de distanciamento de dois metros, ser\u00e1 medida a temperatura e exigido o uso de m\u00e1scara.&nbsp;<\/p>\n\n\n\n<p>\u201cA Central volta a funcionar na sua totalidade, mesmo num momento t\u00e3o delicado como o que estamos passando, por entendermos que se trata de servi\u00e7o essencial que tem como principal objetivo salvar vidas\u201d, declarou<\/p>\n","protected":false},"excerpt":{"rendered":"<p>A Central de Transplantes da Para\u00edba retomou suas atividades, nesta segunda-feira (8), com os transplantes de f\u00edgado e rim e a busca ativa dos potenciais&hellip; <\/p>\n","protected":false},"author":2,"featured_media":173403,"comment_status":"closed","ping_status":"closed","sticky":false,"template":"","format":"standard","meta":{"sfsi_plus_gutenberg_text_before_share":"","sfsi_plus_gutenberg_show_text_before_share":"","sfsi_plus_gutenberg_icon_type":"","sfsi_plus_gutenberg_icon_alignemt":"","sfsi_plus_gutenburg_max_per_row":"","footnotes":""},"categories":[2],"tags":[],"class_list":["post-173402","post","type-post","status-publish","format-standard","has-post-thumbnail","hentry","category-geral"],"_links":{"self":[{"href":"https:\/\/www.caririemacao.com\/1\/wp-json\/wp\/v2\/posts\/173402","targetHints":{"allow":["GET"]}}],"collection":[{"href":"https:\/\/www.caririemacao.com\/1\/wp-json\/wp\/v2\/posts"}],"about":[{"href":"https:\/\/www.caririemacao.com\/1\/wp-json\/wp\/v2\/types\/post"}],"author":[{"embeddable":true,"href":"https:\/\/www.caririemacao.com\/1\/wp-json\/wp\/v2\/users\/2"}],"replies":[{"embeddable":true,"href":"https:\/\/www.caririemacao.com\/1\/wp-json\/wp\/v2\/comments?post=173402"}],"version-history":[{"count":1,"href":"https:\/\/www.caririemacao.com\/1\/wp-json\/wp\/v2\/posts\/173402\/revisions"}],"predecessor-version":[{"id":173404,"href":"https:\/\/www.caririemacao.com\/1\/wp-json\/wp\/v2\/posts\/173402\/revisions\/173404"}],"wp:featuredmedia":[{"embeddable":true,"href":"https:\/\/www.caririemacao.com\/1\/wp-json\/wp\/v2\/media\/173403"}],"wp:attachment":[{"href":"https:\/\/www.caririemacao.com\/1\/wp-json\/wp\/v2\/media?parent=173402"}],"wp:term":[{"taxonomy":"category","embeddable":true,"href":"https:\/\/www.caririemacao.com\/1\/wp-json\/wp\/v2\/categories?post=173402"},{"taxonomy":"post_tag","embeddable":true,"href":"https:\/\/www.caririemacao.com\/1\/wp-json\/wp\/v2\/tags?post=173402"}],"curies":[{"name":"wp","href":"https:\/\/api.w.org\/{rel}","templated":true}]}}